{"id":38866,"date":"2023-04-04T14:32:32","date_gmt":"2023-04-04T20:32:32","guid":{"rendered":"https:\/\/encuentroinformativo.com.mx\/?p=38866"},"modified":"2023-04-04T14:32:37","modified_gmt":"2023-04-04T20:32:37","slug":"promueven-festival-de-la-cerveza-artesanal","status":"publish","type":"post","link":"https:\/\/encuentroinformativo.com.mx\/?p=38866","title":{"rendered":"Promueven Festival de la Cerveza Artesanal"},"content":{"rendered":"\n<p><strong>Dar\u00edo Pale <\/strong><\/p>\n\n\n\n<p>Xalapa, Ver.- Invitan a las ciudadan\u00eda para que asista a la tercera edici\u00f3n del Festival de la Cerveza Artesanal en Coatepec, la cual se llevar\u00e1 a cabo los d\u00edas 8 y 9 de abril, as\u00ed lo dio a conocer Max Herrera organizador del evento.<\/p>\n\n\n\n<p>En conferencia de prensa se\u00f1al\u00f3 que habr\u00e1 15 marcas de cervezas, algunas son for\u00e1neas y otras locales, en la Tercera Edici\u00f3n del Festival de la Cerveza, los d\u00edas 8 y 9 de abril en el Pueblo M\u00e1gico de Coatepec.<\/p>\n\n\n\n<p>Detall\u00f3 que vienen de los municipios de C\u00f3rdoba, Perote, Puebla, Coatepec, el evento se realizar\u00e1 en Melchor Ocampo n\u00famero 25, a media cuadra del Palacio Municipal.<\/p>\n\n\n\n<p>El precio de la entrada ser\u00e1 de 50 pesos, &#8220;nosotros les llamamos multientradas porque se les va a sellar la mano, porque si quieren salir a dar la vuelta al parque puedan volver a entrar&#8221;.<\/p>\n\n\n\n<p>El d\u00eda s\u00e1bado se va a cerrar con broche de oro con un tributo al grupo musical Led Zepellin.<\/p>\n\n\n\n<p>Finalmente comentaron que el domingo se empieza de las 12 a las 10 de la noche, con un tributo al cantante Leo Dan con su doble.<\/p>\n","protected":false},"excerpt":{"rendered":"<p>Dar\u00edo Pale Xalapa, Ver.- Invitan a las ciudadan\u00eda para que asista a la tercera edici\u00f3n del Festival de la Cerveza Artesanal en Coatepec, la cual se llevar\u00e1 a cabo los d\u00edas 8 y 9 de abril, as\u00ed lo dio a conocer Max Herrera organizador del evento. En conferencia de prensa se\u00f1al\u00f3 que habr\u00e1 15 marcas [&hellip;]<\/p>\n","protected":false},"author":2476,"featured_media":38867,"comment_status":"open","ping_status":"open","sticky":false,"template":"","format":"standard","meta":{"_jetpack_memberships_contains_paid_content":false,"footnotes":""},"categories":[8],"tags":[],"class_list":["post-38866","post","type-post","status-publish","format-standard","has-post-thumbnail","hentry","category-region"],"jetpack_featured_media_url":"https:\/\/encuentroinformativo.com.mx\/wp-content\/uploads\/2023\/04\/IMG-20230404-WA0045.jpg","jetpack_sharing_enabled":true,"jetpack_likes_enabled":true,"amp_enabled":true,"_links":{"self":[{"href":"https:\/\/encuentroinformativo.com.mx\/index.php?rest_route=\/wp\/v2\/posts\/38866","targetHints":{"allow":["GET"]}}],"collection":[{"href":"https:\/\/encuentroinformativo.com.mx\/index.php?rest_route=\/wp\/v2\/posts"}],"about":[{"href":"https:\/\/encuentroinformativo.com.mx\/index.php?rest_route=\/wp\/v2\/types\/post"}],"author":[{"embeddable":true,"href":"https:\/\/encuentroinformativo.com.mx\/index.php?rest_route=\/wp\/v2\/users\/2476"}],"replies":[{"embeddable":true,"href":"https:\/\/encuentroinformativo.com.mx\/index.php?rest_route=%2Fwp%2Fv2%2Fcomments&post=38866"}],"version-history":[{"count":1,"href":"https:\/\/encuentroinformativo.com.mx\/index.php?rest_route=\/wp\/v2\/posts\/38866\/revisions"}],"predecessor-version":[{"id":38868,"href":"https:\/\/encuentroinformativo.com.mx\/index.php?rest_route=\/wp\/v2\/posts\/38866\/revisions\/38868"}],"wp:featuredmedia":[{"embeddable":true,"href":"https:\/\/encuentroinformativo.com.mx\/index.php?rest_route=\/wp\/v2\/media\/38867"}],"wp:attachment":[{"href":"https:\/\/encuentroinformativo.com.mx\/index.php?rest_route=%2Fwp%2Fv2%2Fmedia&parent=38866"}],"wp:term":[{"taxonomy":"category","embeddable":true,"href":"https:\/\/encuentroinformativo.com.mx\/index.php?rest_route=%2Fwp%2Fv2%2Fcategories&post=38866"},{"taxonomy":"post_tag","embeddable":true,"href":"https:\/\/encuentroinformativo.com.mx\/index.php?rest_route=%2Fwp%2Fv2%2Ftags&post=38866"}],"curies":[{"name":"wp","href":"https:\/\/api.w.org\/{rel}","templated":true}]}}