{"id":38869,"date":"2023-04-04T14:39:13","date_gmt":"2023-04-04T20:39:13","guid":{"rendered":"https:\/\/encuentroinformativo.com.mx\/?p=38869"},"modified":"2023-04-04T14:39:17","modified_gmt":"2023-04-04T20:39:17","slug":"xalapa-es-la-atenas-veracruzana-alberto-de-la-rosa","status":"publish","type":"post","link":"https:\/\/encuentroinformativo.com.mx\/?p=38869","title":{"rendered":"Xalapa es la Atenas Veracruzana: Alberto de la Rosa"},"content":{"rendered":"\n<p><strong>Dar\u00edo Pale <\/strong><\/p>\n\n\n\n<p>Xalapa, Ver.- El gran exponente de la m\u00fasica y folclore de Veracruz en todo el mundo, anunci\u00f3 un festival en Xalapa que llevar\u00e1 su nombre Alberto de la Rosa quien coment\u00f3 que Xalapa sigue siendo la Atenas Veracruzana.<\/p>\n\n\n\n<p>En entrevista en el parque Ju\u00e1rez el director y fundador de uno de los grupos art\u00edsticos m\u00e1s famosos y reconocidos en todo el mundo de la Universidad Veracruzana, el Tlen-Huicani, Alberto de la Rosa; afirm\u00f3 que Xalapa sigue siendo la Atenas Veracruzana, a pesar de lo que muchos digan.<\/p>\n\n\n\n<p>&#8220;Xalapa sigue siendo la Atenas Veracruzana gracias a sus artistas y, desde luego, al apoyo de autoridades, iniciativa privada con mucho empuje&#8221;, se\u00f1al\u00f3.<\/p>\n\n\n\n<p>&#8220;No, no (se ha dejado de impulsar la cultura), pero obviamente el presupuesto nunca va a alcanzar para nada. Los que quieren carreteras tambi\u00e9n se quejan en todas partes del mundo, siempre quisi\u00e9ramos m\u00e1s&#8221;, agreg\u00f3.<\/p>\n\n\n\n<p>El director del\u00a0Tlen-Huicani que se ha presentado en los foros m\u00e1s importantes de nuestro pa\u00eds y en los principales festivales de folclore de todo el mundo; consider\u00f3 que a\u00fan y con todo, &#8220;se va por el camino&#8221;.<\/p>\n\n\n\n<p>&#8220;Ya despu\u00e9s se ver\u00e1 si era bueno o era regular, pero vamos en el camino&#8221;, coment\u00f3.<\/p>\n\n\n\n<p>Alberto de la Rosa ha sido un gran promotor de la m\u00fasica de M\u00e9xico, \u00a0especialmente de la de Veracruz en nuestro continente, en el europeo, as\u00ed como en pa\u00edses como China y Jap\u00f3n.<\/p>\n\n\n\n<p>Luego de hacer una filmaci\u00f3n, adelant\u00f3 que del 24 al 28 de este mes se celebrar\u00e1 un festival que llevar\u00e1 su nombre, ah\u00ed acudir\u00e1n invitados de otros pa\u00edses y, por supuesto, arpistas veracruzanos.<\/p>\n\n\n\n<p>&#8220;Actualmente hay mucho joven de muy alto nivel. El Festival ser\u00e1 en el ayuntamiento de Xalapa, en el teatro JJ Herrera, en el Xallitic, el reconocimiento no es tanto a m\u00ed, sino a lo que yo represento, que es la m\u00fasica veracruzana&#8221;, inform\u00f3.<\/p>\n\n\n\n<p>En cuanto a la protesta que se llev\u00f3 a cabo en la rector\u00eda de la Universidad Veracruzana, por parte de los grupos art\u00edsticos de la Casa de Estudios, opin\u00f3 que m\u00e1s que protesta, fue un di\u00e1logo con las autoridades.<\/p>\n\n\n\n<p>Finalmente coment\u00f3, &#8220;yo creo que es muy importante a nivel estatal, a nivel municipal, a las instituciones culturales (atenderlos), de alguna manera hay apoyo, a veces m\u00e1s, a veces menos. Xalapa sigue siendo la Atenas Veracruzana&#8221;.<\/p>\n","protected":false},"excerpt":{"rendered":"<p>Dar\u00edo Pale Xalapa, Ver.- El gran exponente de la m\u00fasica y folclore de Veracruz en todo el mundo, anunci\u00f3 un festival en Xalapa que llevar\u00e1 su nombre Alberto de la Rosa quien coment\u00f3 que Xalapa sigue siendo la Atenas Veracruzana. En entrevista en el parque Ju\u00e1rez el director y fundador de uno de los grupos [&hellip;]<\/p>\n","protected":false},"author":2476,"featured_media":38870,"comment_status":"open","ping_status":"open","sticky":false,"template":"","format":"standard","meta":{"_jetpack_memberships_contains_paid_content":false,"footnotes":""},"categories":[3],"tags":[],"class_list":["post-38869","post","type-post","status-publish","format-standard","has-post-thumbnail","hentry","category-xalapa"],"jetpack_featured_media_url":"https:\/\/encuentroinformativo.com.mx\/wp-content\/uploads\/2023\/04\/IMG-20230404-WA0050.jpg","jetpack_sharing_enabled":true,"jetpack_likes_enabled":true,"amp_enabled":true,"_links":{"self":[{"href":"https:\/\/encuentroinformativo.com.mx\/index.php?rest_route=\/wp\/v2\/posts\/38869","targetHints":{"allow":["GET"]}}],"collection":[{"href":"https:\/\/encuentroinformativo.com.mx\/index.php?rest_route=\/wp\/v2\/posts"}],"about":[{"href":"https:\/\/encuentroinformativo.com.mx\/index.php?rest_route=\/wp\/v2\/types\/post"}],"author":[{"embeddable":true,"href":"https:\/\/encuentroinformativo.com.mx\/index.php?rest_route=\/wp\/v2\/users\/2476"}],"replies":[{"embeddable":true,"href":"https:\/\/encuentroinformativo.com.mx\/index.php?rest_route=%2Fwp%2Fv2%2Fcomments&post=38869"}],"version-history":[{"count":1,"href":"https:\/\/encuentroinformativo.com.mx\/index.php?rest_route=\/wp\/v2\/posts\/38869\/revisions"}],"predecessor-version":[{"id":38871,"href":"https:\/\/encuentroinformativo.com.mx\/index.php?rest_route=\/wp\/v2\/posts\/38869\/revisions\/38871"}],"wp:featuredmedia":[{"embeddable":true,"href":"https:\/\/encuentroinformativo.com.mx\/index.php?rest_route=\/wp\/v2\/media\/38870"}],"wp:attachment":[{"href":"https:\/\/encuentroinformativo.com.mx\/index.php?rest_route=%2Fwp%2Fv2%2Fmedia&parent=38869"}],"wp:term":[{"taxonomy":"category","embeddable":true,"href":"https:\/\/encuentroinformativo.com.mx\/index.php?rest_route=%2Fwp%2Fv2%2Fcategories&post=38869"},{"taxonomy":"post_tag","embeddable":true,"href":"https:\/\/encuentroinformativo.com.mx\/index.php?rest_route=%2Fwp%2Fv2%2Ftags&post=38869"}],"curies":[{"name":"wp","href":"https:\/\/api.w.org\/{rel}","templated":true}]}}