{"id":38877,"date":"2023-04-04T18:03:16","date_gmt":"2023-04-05T00:03:16","guid":{"rendered":"https:\/\/encuentroinformativo.com.mx\/?p=38877"},"modified":"2023-04-04T18:03:20","modified_gmt":"2023-04-05T00:03:20","slug":"pintan-baches-en-la-cardel-poza-rica","status":"publish","type":"post","link":"https:\/\/encuentroinformativo.com.mx\/?p=38877","title":{"rendered":"Pintan baches en la Cardel &#8211; Poza Rica"},"content":{"rendered":"\n<p><strong>Juan Arcos <\/strong><\/p>\n\n\n\n<p>Xalapa, Ver.- Los baches sobre la carretera federal Cardel-Poza Rica, mejor conocida como la \u201cCostera del Golfo\u201d, fueron pintados para evitar que los automovilistas caigan y se accidenten en la zona.<\/p>\n\n\n\n<p>Los pobladores de Palma Sola, municipio de Alto Lucero, colocaron pintura amarilla en las zonas de mayor peligro, sobre todo en las inmediaciones de Planta Nuclear de Laguna Verde.<\/p>\n\n\n\n<p>Esto se observa en el tramo que va de la localidad El Farall\u00f3n hasta la Central Nucleoel\u00e9ctrica.<\/p>\n\n\n\n<p>De acuerdo con algunos pobladores, quienes solicitaron el anonimato, la carretera es peligrosa y es necesaria la intervenci\u00f3n de las autoridades para su mantenimiento.<\/p>\n\n\n\n<p>\u201cViendo que ninguna autoridad estatal, municipal o federal pone una soluci\u00f3n nos vimos en la necesidad de actuar realizando una peque\u00f1a labor\u201d, indicaron.<\/p>\n\n\n\n<p>Durante un recorrido en la zona, se constat\u00f3 que los baches fueron marcados, situaci\u00f3n que ayuda a visibilizarlos.<\/p>\n\n\n\n<p>La gente mencion\u00f3 que en el sitio han ocurrido accidentes severos, donde lamentablemente han ocurrido p\u00e9rdidas humanas.<\/p>\n\n\n\n<p>\u201cLa denuncia es para las autoridades, para que atiendan nuestras carreteras porque est\u00e1n en p\u00e9simas condiciones, ya pas\u00f3 la pandemia y no vemos que las reparen\u201d, enfatizaron.<\/p>\n\n\n\n<p>Los habitantes comentaron que las autoridades han brindado un mantenimiento m\u00ednimo a la carretera, pues solo han tapado los hoyos con chapopote y en pocos d\u00edas los baches se forman nuevamente.<\/p>\n\n\n\n<figure class=\"wp-block-image size-large\"><img loading=\"lazy\" decoding=\"async\" width=\"628\" height=\"471\" src=\"https:\/\/encuentroinformativo.com.mx\/wp-content\/uploads\/2023\/04\/IMG_8813.jpg\" alt=\"\" class=\"wp-image-38879\" srcset=\"https:\/\/encuentroinformativo.com.mx\/wp-content\/uploads\/2023\/04\/IMG_8813.jpg 628w, https:\/\/encuentroinformativo.com.mx\/wp-content\/uploads\/2023\/04\/IMG_8813-300x225.jpg 300w\" sizes=\"auto, (max-width: 628px) 100vw, 628px\" \/><\/figure>\n","protected":false},"excerpt":{"rendered":"<p>Juan Arcos Xalapa, Ver.- Los baches sobre la carretera federal Cardel-Poza Rica, mejor conocida como la \u201cCostera del Golfo\u201d, fueron pintados para evitar que los automovilistas caigan y se accidenten en la zona. Los pobladores de Palma Sola, municipio de Alto Lucero, colocaron pintura amarilla en las zonas de mayor peligro, sobre todo en las [&hellip;]<\/p>\n","protected":false},"author":2476,"featured_media":38878,"comment_status":"open","ping_status":"open","sticky":false,"template":"","format":"standard","meta":{"_jetpack_memberships_contains_paid_content":false,"footnotes":""},"categories":[2],"tags":[],"class_list":["post-38877","post","type-post","status-publish","format-standard","has-post-thumbnail","hentry","category-estado"],"jetpack_featured_media_url":"https:\/\/encuentroinformativo.com.mx\/wp-content\/uploads\/2023\/04\/IMG_8814.jpg","jetpack_sharing_enabled":true,"jetpack_likes_enabled":true,"amp_enabled":true,"_links":{"self":[{"href":"https:\/\/encuentroinformativo.com.mx\/index.php?rest_route=\/wp\/v2\/posts\/38877","targetHints":{"allow":["GET"]}}],"collection":[{"href":"https:\/\/encuentroinformativo.com.mx\/index.php?rest_route=\/wp\/v2\/posts"}],"about":[{"href":"https:\/\/encuentroinformativo.com.mx\/index.php?rest_route=\/wp\/v2\/types\/post"}],"author":[{"embeddable":true,"href":"https:\/\/encuentroinformativo.com.mx\/index.php?rest_route=\/wp\/v2\/users\/2476"}],"replies":[{"embeddable":true,"href":"https:\/\/encuentroinformativo.com.mx\/index.php?rest_route=%2Fwp%2Fv2%2Fcomments&post=38877"}],"version-history":[{"count":1,"href":"https:\/\/encuentroinformativo.com.mx\/index.php?rest_route=\/wp\/v2\/posts\/38877\/revisions"}],"predecessor-version":[{"id":38880,"href":"https:\/\/encuentroinformativo.com.mx\/index.php?rest_route=\/wp\/v2\/posts\/38877\/revisions\/38880"}],"wp:featuredmedia":[{"embeddable":true,"href":"https:\/\/encuentroinformativo.com.mx\/index.php?rest_route=\/wp\/v2\/media\/38878"}],"wp:attachment":[{"href":"https:\/\/encuentroinformativo.com.mx\/index.php?rest_route=%2Fwp%2Fv2%2Fmedia&parent=38877"}],"wp:term":[{"taxonomy":"category","embeddable":true,"href":"https:\/\/encuentroinformativo.com.mx\/index.php?rest_route=%2Fwp%2Fv2%2Fcategories&post=38877"},{"taxonomy":"post_tag","embeddable":true,"href":"https:\/\/encuentroinformativo.com.mx\/index.php?rest_route=%2Fwp%2Fv2%2Ftags&post=38877"}],"curies":[{"name":"wp","href":"https:\/\/api.w.org\/{rel}","templated":true}]}}