{"id":38887,"date":"2023-04-05T12:01:51","date_gmt":"2023-04-05T18:01:51","guid":{"rendered":"https:\/\/encuentroinformativo.com.mx\/?p=38887"},"modified":"2023-04-05T12:01:55","modified_gmt":"2023-04-05T18:01:55","slug":"muere-reportero-en-accidente-en-el-bulevar-xalapa-coatepec","status":"publish","type":"post","link":"https:\/\/encuentroinformativo.com.mx\/?p=38887","title":{"rendered":"Muere reportero en accidente en el bulevar Xalapa &#8211; Coatepec"},"content":{"rendered":"\n<p><strong>Juan Arcos <\/strong><\/p>\n\n\n\n<p>Xalapa, Ver.- Un reportero que viajaba a bordo de una motocicleta muri\u00f3 en un accidente vial registrado sobre la carretera Xalapa-Coatepec, con direcci\u00f3n a la capital del estado.<\/p>\n\n\n\n<p>Se trata de Oth\u00f3n \u201cN\u201d, oriundo de Teocelo y corresponsal de un medio de comunicaci\u00f3n de esta ciudad de Xalapa, a cuya familia han dado el p\u00e9same en p\u00e1ginas de redes sociales.<\/p>\n\n\n\n<p>Los hechos ocurrieron la ma\u00f1ana de este mi\u00e9rcoles 5 de abril, generando un gran caos vial en el bulevar, donde se observan filas de veh\u00edculos que llegaban hasta la desviaci\u00f3n hacia la comunidad de Pacho Viejo.<\/p>\n\n\n\n<p>De acuerdo con los primeros reportes, el joven circulaba a la altura de los moteles en la localidad Los Arenales, cuando perdi\u00f3 el control y derrap\u00f3, quedando su unidad sobre el pavimento y su cuerpo a varios metros de distancia.<\/p>\n\n\n\n<p>Circula tambi\u00e9n la versi\u00f3n de que el motociclista fue arrollado por un cami\u00f3n repartidor de agua; sin embargo, esto no ha sido confirmado por las autoridades.<\/p>\n\n\n\n<p>La zona fue acordonada por elementos de la Secretar\u00eda de Seguridad P\u00fablica (SSP) y el cad\u00e1ver cubierto con una manta blanca, en espera de la llegada del personal de la Direcci\u00f3n General de Servicios Periciales, para trasladarlo al Servicio M\u00e9dico Forense (Semefo).<\/p>\n\n\n\n<p><strong>VARIAS V\u00cdCTIMAS MORTALES<\/strong><\/p>\n\n\n\n<p>Este accidente mortal ocurri\u00f3 mientras se llevan a cabo los trabajos para el mejoramiento del bulevar Xalapa-Coatepec.<\/p>\n\n\n\n<p>Se trata de un camino donde han sido constantes los accidentes vehiculares desde que fue remodelada con concreto hidr\u00e1ulico en el bienio de Miguel \u00c1ngel Yunes Linares. Desde entonces, se han registrado al menos tres v\u00edctimas mortales por percances.<\/p>\n\n\n\n<p>En la actual administraci\u00f3n estatal, la Secretar\u00eda de Infraestructura y Obras P\u00fablicas (SIOP) realiza una obra para la reparaci\u00f3n del bulevar Xalapa-Coatepec, con una inversi\u00f3n aproximada de 6 millones de pesos, donde colocan una capa asf\u00e1ltica de entre ocho y diez cent\u00edmetros.<\/p>\n\n\n\n<p>Lo anterior, para que la v\u00eda de comunicaci\u00f3n no sea resbalosa y as\u00ed prevenir accidentes viales en la zona.<\/p>\n","protected":false},"excerpt":{"rendered":"<p>Juan Arcos Xalapa, Ver.- Un reportero que viajaba a bordo de una motocicleta muri\u00f3 en un accidente vial registrado sobre la carretera Xalapa-Coatepec, con direcci\u00f3n a la capital del estado. Se trata de Oth\u00f3n \u201cN\u201d, oriundo de Teocelo y corresponsal de un medio de comunicaci\u00f3n de esta ciudad de Xalapa, a cuya familia han dado [&hellip;]<\/p>\n","protected":false},"author":2476,"featured_media":38888,"comment_status":"open","ping_status":"open","sticky":false,"template":"","format":"standard","meta":{"_jetpack_memberships_contains_paid_content":false,"footnotes":""},"categories":[8],"tags":[],"class_list":["post-38887","post","type-post","status-publish","format-standard","has-post-thumbnail","hentry","category-region"],"jetpack_featured_media_url":"https:\/\/encuentroinformativo.com.mx\/wp-content\/uploads\/2023\/04\/IMG_9341.jpg","jetpack_sharing_enabled":true,"jetpack_likes_enabled":true,"amp_enabled":true,"_links":{"self":[{"href":"https:\/\/encuentroinformativo.com.mx\/index.php?rest_route=\/wp\/v2\/posts\/38887","targetHints":{"allow":["GET"]}}],"collection":[{"href":"https:\/\/encuentroinformativo.com.mx\/index.php?rest_route=\/wp\/v2\/posts"}],"about":[{"href":"https:\/\/encuentroinformativo.com.mx\/index.php?rest_route=\/wp\/v2\/types\/post"}],"author":[{"embeddable":true,"href":"https:\/\/encuentroinformativo.com.mx\/index.php?rest_route=\/wp\/v2\/users\/2476"}],"replies":[{"embeddable":true,"href":"https:\/\/encuentroinformativo.com.mx\/index.php?rest_route=%2Fwp%2Fv2%2Fcomments&post=38887"}],"version-history":[{"count":1,"href":"https:\/\/encuentroinformativo.com.mx\/index.php?rest_route=\/wp\/v2\/posts\/38887\/revisions"}],"predecessor-version":[{"id":38889,"href":"https:\/\/encuentroinformativo.com.mx\/index.php?rest_route=\/wp\/v2\/posts\/38887\/revisions\/38889"}],"wp:featuredmedia":[{"embeddable":true,"href":"https:\/\/encuentroinformativo.com.mx\/index.php?rest_route=\/wp\/v2\/media\/38888"}],"wp:attachment":[{"href":"https:\/\/encuentroinformativo.com.mx\/index.php?rest_route=%2Fwp%2Fv2%2Fmedia&parent=38887"}],"wp:term":[{"taxonomy":"category","embeddable":true,"href":"https:\/\/encuentroinformativo.com.mx\/index.php?rest_route=%2Fwp%2Fv2%2Fcategories&post=38887"},{"taxonomy":"post_tag","embeddable":true,"href":"https:\/\/encuentroinformativo.com.mx\/index.php?rest_route=%2Fwp%2Fv2%2Ftags&post=38887"}],"curies":[{"name":"wp","href":"https:\/\/api.w.org\/{rel}","templated":true}]}}