{"id":3889,"date":"2020-07-06T12:32:49","date_gmt":"2020-07-06T17:32:49","guid":{"rendered":"https:\/\/encuentroinformativo.com\/?p=3889"},"modified":"2020-07-06T12:32:51","modified_gmt":"2020-07-06T17:32:51","slug":"acusan-despido-injustificado-en-ayuntamiento-de-coatepec","status":"publish","type":"post","link":"https:\/\/encuentroinformativo.com.mx\/?p=3889","title":{"rendered":"Acusan despido injustificado en Ayuntamiento de Coatepec"},"content":{"rendered":"\n<p><strong>Dar\u00edo Pale <\/strong><\/p>\n\n\n\n<p>Xalapa, Ver.- La se\u00f1ora Mar\u00eda Luz Hern\u00e1ndez Jim\u00e9nez se manifest\u00f3 en la Plaza Lerdo debido a que fue despedida de forma injustificada despu\u00e9s de trabajar durante 11 a\u00f1os en el ayuntamiento de Coatepec por el presidente municipal Luis Enrique Fern\u00e1ndez Peredo, adem\u00e1s de que tiene aviadores.<\/p>\n\n\n\n<p>Entrevistada durante la manifestaci\u00f3n en la plaza Lerdo, dio a conocer que est\u00e1 solicitando la intervenci\u00f3n del gobernador del estado Cuitl\u00e1huac Garc\u00eda Jim\u00e9nez ya que fue despedida de forma injustificada, por lo que est\u00e1 solicitando que se le reinstale.<\/p>\n\n\n\n<p>Dio a conocer que ha buscado al presidente municipal pero \u00e9ste se ha negado a atenderla, ya que desde el mes de septiembre fue despedida y pese a que est\u00e1 enferma no le han resuelto nada, ella laborada en el campo deportivo Adolfo L\u00f3pez Mateos cobrando.<\/p>\n\n\n\n<p>Apoyaba a una persona que trabajaba en las ma\u00f1anas y ella en la tarde, por lo que se molest\u00f3 que solo mediante un oficio la dieron a conocer que ya no laboraba para el municipio, por lo que denunci\u00f3 que el alcalde tiene aviadores como lo es la se\u00f1ora Carmen Libreros, otro que se nombra Joel \u201ccerillo\u201d quienes no trabajan y les est\u00e1n pagando.<\/p>\n\n\n\n<p>Finalmente se\u00f1al\u00f3 que el alcalde los obligaba a empadronar personas para que se afiliaran al PAN, y como era de confianza ten\u00eda que cumplir lo que le solicitaban, por lo cual interpuso la denuncia correspondiente.<\/p>\n\n\n\n<p><\/p>\n\n\n\n<p><\/p>\n","protected":false},"excerpt":{"rendered":"<p>Dar\u00edo Pale Xalapa, Ver.- La se\u00f1ora Mar\u00eda Luz Hern\u00e1ndez Jim\u00e9nez se manifest\u00f3 en la Plaza Lerdo debido a que fue despedida de forma injustificada despu\u00e9s de trabajar durante 11 a\u00f1os en el ayuntamiento de Coatepec por el presidente municipal Luis Enrique Fern\u00e1ndez Peredo, adem\u00e1s de que tiene aviadores. Entrevistada durante la manifestaci\u00f3n en la plaza [&hellip;]<\/p>\n","protected":false},"author":1,"featured_media":3890,"comment_status":"open","ping_status":"open","sticky":false,"template":"","format":"standard","meta":{"_jetpack_memberships_contains_paid_content":false,"footnotes":""},"categories":[8],"tags":[],"class_list":["post-3889","post","type-post","status-publish","format-standard","has-post-thumbnail","hentry","category-region"],"jetpack_featured_media_url":"https:\/\/encuentroinformativo.com.mx\/wp-content\/uploads\/2020\/07\/236AA994-FFE8-49A5-B5BB-DE4A998F09A0.jpeg","jetpack_sharing_enabled":true,"jetpack_likes_enabled":true,"amp_enabled":true,"_links":{"self":[{"href":"https:\/\/encuentroinformativo.com.mx\/index.php?rest_route=\/wp\/v2\/posts\/3889","targetHints":{"allow":["GET"]}}],"collection":[{"href":"https:\/\/encuentroinformativo.com.mx\/index.php?rest_route=\/wp\/v2\/posts"}],"about":[{"href":"https:\/\/encuentroinformativo.com.mx\/index.php?rest_route=\/wp\/v2\/types\/post"}],"author":[{"embeddable":true,"href":"https:\/\/encuentroinformativo.com.mx\/index.php?rest_route=\/wp\/v2\/users\/1"}],"replies":[{"embeddable":true,"href":"https:\/\/encuentroinformativo.com.mx\/index.php?rest_route=%2Fwp%2Fv2%2Fcomments&post=3889"}],"version-history":[{"count":1,"href":"https:\/\/encuentroinformativo.com.mx\/index.php?rest_route=\/wp\/v2\/posts\/3889\/revisions"}],"predecessor-version":[{"id":3891,"href":"https:\/\/encuentroinformativo.com.mx\/index.php?rest_route=\/wp\/v2\/posts\/3889\/revisions\/3891"}],"wp:featuredmedia":[{"embeddable":true,"href":"https:\/\/encuentroinformativo.com.mx\/index.php?rest_route=\/wp\/v2\/media\/3890"}],"wp:attachment":[{"href":"https:\/\/encuentroinformativo.com.mx\/index.php?rest_route=%2Fwp%2Fv2%2Fmedia&parent=3889"}],"wp:term":[{"taxonomy":"category","embeddable":true,"href":"https:\/\/encuentroinformativo.com.mx\/index.php?rest_route=%2Fwp%2Fv2%2Fcategories&post=3889"},{"taxonomy":"post_tag","embeddable":true,"href":"https:\/\/encuentroinformativo.com.mx\/index.php?rest_route=%2Fwp%2Fv2%2Ftags&post=3889"}],"curies":[{"name":"wp","href":"https:\/\/api.w.org\/{rel}","templated":true}]}}