{"id":38890,"date":"2023-04-05T12:05:31","date_gmt":"2023-04-05T18:05:31","guid":{"rendered":"https:\/\/encuentroinformativo.com.mx\/?p=38890"},"modified":"2023-04-05T12:05:34","modified_gmt":"2023-04-05T18:05:34","slug":"boxeadores-veracruzanos-viven-un-suplicio-en-pachuca-por-pesima-logistica-del-ivd","status":"publish","type":"post","link":"https:\/\/encuentroinformativo.com.mx\/?p=38890","title":{"rendered":"Boxeadores veracruzanos viven un suplicio en Pachuca por p\u00e9sima log\u00edstica del IVD"},"content":{"rendered":"\n<p><strong>Alejandro \u00c1vila<\/strong><\/p>\n\n\n\n<p>Veracruz, Ver.- Un gran suplicio vivi\u00f3 la delegaci\u00f3n de Boxeo de Veracruz en Pachuca el pasado fin de semana.&nbsp;<\/p>\n\n\n\n<p>Los atletas participaron en el regional con aspiraciones a ganar sus boletos nacionales; sin embargo, les cobr\u00f3 factura la p\u00e9sima log\u00edstica que tuvo el Instituto Veracruzano del Deporte (IVD).<\/p>\n\n\n\n<p>Los afectados se\u00f1alaron que, desde el viaje, todo caus\u00f3 sospechas, pues la l\u00ednea de transportes no era la habitual y el veh\u00edculo que los trasladar\u00eda a Pachuca (sede del regional), era inc\u00f3modo y en malas condiciones; sorpresivamente fueron hospedados en Real del Monte, a una hora de donde se desarrollar\u00edan las competencias.<\/p>\n\n\n\n<p>&#8220;Cabe recalcar que el pesaje del evento de boxeo era a las 7 de la ma\u00f1ana\u20266 de la ma\u00f1ana, y nos ten\u00edamos que levantar 4, 4 y media de la ma\u00f1ana, para poder salir a las 5 de la ma\u00f1ana y llegar al pesaje. Primer punto, pues los j\u00f3venes se desvelan, por las actividades y todo, dormimos tarde, a las 12 de la noche est\u00e1n durmiendo los j\u00f3venes, y despertarse a las 4 de la ma\u00f1ana, pues llegan mal. El tema del desayuno, se los preparaban demasiado tarde, cerca de la hora de la competencia, por lo cual ya no pod\u00edan comer, porque era un riesgo para ellos pelear o competir despu\u00e9s de la hora que les estaban preparando el desayuno&#8221;, se\u00f1al\u00f3 uno de los afectados.<\/p>\n\n\n\n<p>Una vez concluida la jornada del d\u00eda, el cami\u00f3n que los regresaba a Real del Monte los dejaba en una explanada y ten\u00edan que caminar un cerro 30 minutos para poder llegar al hotel.<\/p>\n\n\n\n<p>&#8220;Dicen que en lugar en donde est\u00e1bamos est\u00e1 a la altura de (volc\u00e1n) La Malinche, nosotros venimos de una zona de playa, imag\u00ednate, 30 minutos esos j\u00f3venes subiendo un pueblo en escaleras, con maletas, cansados, desvelados, malcomidos, a una hora, bueno\u2026lejos la caminata, el autob\u00fas no nos pod\u00eda sacar al hotel, lejos en un pueblo, lleg\u00e1bamos de la competencia y la comida fr\u00eda&#8221;, agreg\u00f3 otro pugilista.<\/p>\n\n\n\n<p>Los atletas previo y durante a una competencia deben llevar una dieta balanceada, sin embargo, el Instituto Veracruzano del Deporte les entreg\u00f3 contenedores con tacos, papas fritas y caf\u00e9 fr\u00edo; aunado a ello, los hizo comer sobre la calle, afuera del hotel sede, cuando por la noche, en Real del Monte, la temperatura baja hasta los 10 grados.<\/p>\n\n\n\n<p>&#8220;El pretexto que puso el Instituto Veracruzano del Deporte es que no hab\u00eda hospedaje, que no hab\u00eda hospedaje para nosotros en los hoteles y que nos ten\u00edan que llevar hasta all\u00e1, cuando los dem\u00e1s estados s\u00ed alcanzaron. Para nosotros fue un maltrato&#8221;, refut\u00f3.<\/p>\n\n\n\n<p>La delegaci\u00f3n de Veracruz llev\u00f3 un total de 28 peleadores, adem\u00e1s de entrenadores, de los cuales 15 eran seleccionados nacionales; pero debido a los problemas durante el regional, solo cuatro pudieron clasificar a la etapa nacional.<\/p>\n\n\n\n<p>&#8220;No fue uno, no fue dos, fueron toda la delegaci\u00f3n, el tema perjudic\u00f3, perjudic\u00f3 bastante a los peleadores. Estuvieron, cansados, desvelados, mal comidos y maltratados&#8221;, culmin\u00f3.<\/p>\n","protected":false},"excerpt":{"rendered":"<p>Alejandro \u00c1vila Veracruz, Ver.- Un gran suplicio vivi\u00f3 la delegaci\u00f3n de Boxeo de Veracruz en Pachuca el pasado fin de semana.&nbsp; Los atletas participaron en el regional con aspiraciones a ganar sus boletos nacionales; sin embargo, les cobr\u00f3 factura la p\u00e9sima log\u00edstica que tuvo el Instituto Veracruzano del Deporte (IVD). Los afectados se\u00f1alaron que, desde [&hellip;]<\/p>\n","protected":false},"author":2476,"featured_media":38891,"comment_status":"open","ping_status":"open","sticky":false,"template":"","format":"standard","meta":{"_jetpack_memberships_contains_paid_content":false,"footnotes":""},"categories":[2],"tags":[],"class_list":["post-38890","post","type-post","status-publish","format-standard","has-post-thumbnail","hentry","category-estado"],"jetpack_featured_media_url":"https:\/\/encuentroinformativo.com.mx\/wp-content\/uploads\/2023\/04\/IMG-20230405-WA00072.jpg","jetpack_sharing_enabled":true,"jetpack_likes_enabled":true,"amp_enabled":true,"_links":{"self":[{"href":"https:\/\/encuentroinformativo.com.mx\/index.php?rest_route=\/wp\/v2\/posts\/38890","targetHints":{"allow":["GET"]}}],"collection":[{"href":"https:\/\/encuentroinformativo.com.mx\/index.php?rest_route=\/wp\/v2\/posts"}],"about":[{"href":"https:\/\/encuentroinformativo.com.mx\/index.php?rest_route=\/wp\/v2\/types\/post"}],"author":[{"embeddable":true,"href":"https:\/\/encuentroinformativo.com.mx\/index.php?rest_route=\/wp\/v2\/users\/2476"}],"replies":[{"embeddable":true,"href":"https:\/\/encuentroinformativo.com.mx\/index.php?rest_route=%2Fwp%2Fv2%2Fcomments&post=38890"}],"version-history":[{"count":1,"href":"https:\/\/encuentroinformativo.com.mx\/index.php?rest_route=\/wp\/v2\/posts\/38890\/revisions"}],"predecessor-version":[{"id":38892,"href":"https:\/\/encuentroinformativo.com.mx\/index.php?rest_route=\/wp\/v2\/posts\/38890\/revisions\/38892"}],"wp:featuredmedia":[{"embeddable":true,"href":"https:\/\/encuentroinformativo.com.mx\/index.php?rest_route=\/wp\/v2\/media\/38891"}],"wp:attachment":[{"href":"https:\/\/encuentroinformativo.com.mx\/index.php?rest_route=%2Fwp%2Fv2%2Fmedia&parent=38890"}],"wp:term":[{"taxonomy":"category","embeddable":true,"href":"https:\/\/encuentroinformativo.com.mx\/index.php?rest_route=%2Fwp%2Fv2%2Fcategories&post=38890"},{"taxonomy":"post_tag","embeddable":true,"href":"https:\/\/encuentroinformativo.com.mx\/index.php?rest_route=%2Fwp%2Fv2%2Ftags&post=38890"}],"curies":[{"name":"wp","href":"https:\/\/api.w.org\/{rel}","templated":true}]}}