{"id":38893,"date":"2023-04-05T12:08:19","date_gmt":"2023-04-05T18:08:19","guid":{"rendered":"https:\/\/encuentroinformativo.com.mx\/?p=38893"},"modified":"2023-04-05T12:08:22","modified_gmt":"2023-04-05T18:08:22","slug":"combate-medellin-plaga-que-afecta-al-mango","status":"publish","type":"post","link":"https:\/\/encuentroinformativo.com.mx\/?p=38893","title":{"rendered":"Combate Medell\u00edn plaga que afecta al mango"},"content":{"rendered":"\n<p><strong>Alejandro \u00c1vila<\/strong><\/p>\n\n\n\n<p>Medell\u00edn de Bravo, Ver.- Cerca de 5 mil \u00e1rboles de mango se han perdido en los \u00faltimos a\u00f1os debido a la proliferaci\u00f3n de la plaga de la mosca, la cual ha afectado la producci\u00f3n de la fruta m\u00e1s popular del municipio de Medell\u00edn de Bravo.<\/p>\n\n\n\n<p>Ante esta situaci\u00f3n, el Ayuntamiento de Medell\u00edn de Bravo en conjunto con productores inici\u00f3 la campa\u00f1a &#8220;Mi \u00c1rbol de Mango Orgullo Medell\u00ednse&#8221;, a trav\u00e9s de la direcci\u00f3n de Desarrollo Rural.<\/p>\n\n\n\n<p>El alcalde, Marcos Isle\u00f1o Andrade, puntualiz\u00f3 que el prop\u00f3sito es reactivar la producci\u00f3n de este fruto con recursos propios de la administraci\u00f3n, los cuales ayudar\u00e1n al sector a repuntar su comercializaci\u00f3n, la cual por muchos a\u00f1os fue el sustento de muchas familias medellinenses.&nbsp;<\/p>\n\n\n\n<p>En Medell\u00edn de Bravo se estima que existen fincas que cuentan con 60 u 80 \u00e1rboles de mango, de cada uno se estima se pueden obtener 150 rejas del fruto.<\/p>\n\n\n\n<p>\u201cLo que tratamos de hacer es controlar la plaga de la mosca de la fruta que nos ha mermado la producci\u00f3n de mango y as\u00ed rescatar su producci\u00f3n para devolver la esperanza a muchos productores de nuestro municipio\u201d, coment\u00f3.<\/p>\n\n\n\n<p>Por su parte, el&nbsp; Director de Desarrollo Rural, V\u00edctor Manuel Rodr\u00edguez G\u00f3mez coment\u00f3 que capacitar\u00e1n a productores, ejidatarios y sociedad en general para colocar trampas cuyo componente es un atrayente que controlar\u00e1 la mosca que llev\u00f3 a este fruto a perder su certificado de comercializaci\u00f3n.<\/p>\n\n\n\n<p>Adem\u00e1s, dijo, el Ayuntamiento est\u00e1 participando en un programa en conjunto con la Universidad Veracruzana, para poder atraer beneficios a los productores a trav\u00e9s de la instalaci\u00f3n de una procesadora de fruta en el municipio.<\/p>\n","protected":false},"excerpt":{"rendered":"<p>Alejandro \u00c1vila Medell\u00edn de Bravo, Ver.- Cerca de 5 mil \u00e1rboles de mango se han perdido en los \u00faltimos a\u00f1os debido a la proliferaci\u00f3n de la plaga de la mosca, la cual ha afectado la producci\u00f3n de la fruta m\u00e1s popular del municipio de Medell\u00edn de Bravo. Ante esta situaci\u00f3n, el Ayuntamiento de Medell\u00edn de [&hellip;]<\/p>\n","protected":false},"author":2476,"featured_media":38894,"comment_status":"open","ping_status":"open","sticky":false,"template":"","format":"standard","meta":{"_jetpack_memberships_contains_paid_content":false,"footnotes":""},"categories":[2],"tags":[],"class_list":["post-38893","post","type-post","status-publish","format-standard","has-post-thumbnail","hentry","category-estado"],"jetpack_featured_media_url":"https:\/\/encuentroinformativo.com.mx\/wp-content\/uploads\/2023\/04\/IMG-20230405-WA0021.jpg","jetpack_sharing_enabled":true,"jetpack_likes_enabled":true,"amp_enabled":true,"_links":{"self":[{"href":"https:\/\/encuentroinformativo.com.mx\/index.php?rest_route=\/wp\/v2\/posts\/38893","targetHints":{"allow":["GET"]}}],"collection":[{"href":"https:\/\/encuentroinformativo.com.mx\/index.php?rest_route=\/wp\/v2\/posts"}],"about":[{"href":"https:\/\/encuentroinformativo.com.mx\/index.php?rest_route=\/wp\/v2\/types\/post"}],"author":[{"embeddable":true,"href":"https:\/\/encuentroinformativo.com.mx\/index.php?rest_route=\/wp\/v2\/users\/2476"}],"replies":[{"embeddable":true,"href":"https:\/\/encuentroinformativo.com.mx\/index.php?rest_route=%2Fwp%2Fv2%2Fcomments&post=38893"}],"version-history":[{"count":1,"href":"https:\/\/encuentroinformativo.com.mx\/index.php?rest_route=\/wp\/v2\/posts\/38893\/revisions"}],"predecessor-version":[{"id":38895,"href":"https:\/\/encuentroinformativo.com.mx\/index.php?rest_route=\/wp\/v2\/posts\/38893\/revisions\/38895"}],"wp:featuredmedia":[{"embeddable":true,"href":"https:\/\/encuentroinformativo.com.mx\/index.php?rest_route=\/wp\/v2\/media\/38894"}],"wp:attachment":[{"href":"https:\/\/encuentroinformativo.com.mx\/index.php?rest_route=%2Fwp%2Fv2%2Fmedia&parent=38893"}],"wp:term":[{"taxonomy":"category","embeddable":true,"href":"https:\/\/encuentroinformativo.com.mx\/index.php?rest_route=%2Fwp%2Fv2%2Fcategories&post=38893"},{"taxonomy":"post_tag","embeddable":true,"href":"https:\/\/encuentroinformativo.com.mx\/index.php?rest_route=%2Fwp%2Fv2%2Ftags&post=38893"}],"curies":[{"name":"wp","href":"https:\/\/api.w.org\/{rel}","templated":true}]}}