{"id":38896,"date":"2023-04-05T12:10:05","date_gmt":"2023-04-05T18:10:05","guid":{"rendered":"https:\/\/encuentroinformativo.com.mx\/?p=38896"},"modified":"2023-04-05T12:10:08","modified_gmt":"2023-04-05T18:10:08","slug":"la-elite-de-los-clavados-en-mexico-realiza-campamento-en-boca-del-rio","status":"publish","type":"post","link":"https:\/\/encuentroinformativo.com.mx\/?p=38896","title":{"rendered":"La \u00e9lite de los clavados en M\u00e9xico realiza campamento en Boca del R\u00edo"},"content":{"rendered":"\n<p><strong>Alejandro \u00c1vila<\/strong><\/p>\n\n\n\n<p>Boca del R\u00edo, Ver.- Desde el pasado 3 de abril y hasta el d\u00eda 8, el grupo de clavadistas entrenado por Francisco Rueda Am\u00e9zquita, realiza un campamento en la Unidad Deportiva &#8220;Leyes de Reforma&#8221; de Boca del R\u00edo, con miras a sus pr\u00f3ximos eventos nacionales e internacionales.<\/p>\n\n\n\n<p>El presidente de la Asociaci\u00f3n de Nataci\u00f3n de Veracruz, Mario Ulises Villarreal Quiroz, destac\u00f3 en este grupo a la Premio Estatal del Deporte Veracruz 2022, Samantha Jim\u00e9nez Santos; la cual se prepara para el Grand Prix en Alemania, as\u00ed como el selectivo para los Juegos Centroamericanos y del Caribe El Salvador y los Juegos Panamericanos de Santiago, Chile, ambos a desarrollarse en 2023.<\/p>\n\n\n\n<p>Dentro del equipo, tambi\u00e9n se encuentra presente la medallista ol\u00edmpica en Londres 2012, Laura Aleida S\u00e1nchez Soto, quien entren\u00f3 y represent\u00f3 por varios a\u00f1os al estado de Veracruz, y qui\u00e9n en el 2008 ganara el Premio Estatal del Deporte de Veracruz.<\/p>\n\n\n\n<p>Cabe recordar que, el entrenador Francisco Rueda, y su esposa, Laura S\u00e1nchez, fueron los que impulsaron y desarrollaron la disciplina de clavados en el Estado de Veracruz; sobre mencionar que entre sus pupilos est\u00e1n los clavadistas ol\u00edmpicos veracruzanos, Dolores Hern\u00e1ndez Monz\u00f3n y Kevin Berl\u00edn Reyes, adem\u00e1s de medallistas mundiales como, Samantha Jim\u00e9nez Santos y Viviana Del \u00c1ngel Peniche.<\/p>\n\n\n\n<p>En este campamento estar\u00e1n presentes las seleccionadas nacionales Samantha Jim\u00e9nez Santos, Paola Pineda, Arantxa Ch\u00e1vez, Esmeralda Navarro, Aim\u00e9 Cano, Romina Cano y \u00c1mbar Bocanegra y Franco.<\/p>\n\n\n\n<p>Las clavadistas tendr\u00e1n el siguiente itinerario, de 8 a 11 de la ma\u00f1ana entrenamiento en la fosa de clavados, de 11 a 12 sesi\u00f3n en el Gimnasio \u201cRomary Rifka Gonz\u00e1lez\u201d y de 17 a 20 horas, entrenamiento de nueva cuenta en la fosa de clavados.<\/p>\n","protected":false},"excerpt":{"rendered":"<p>Alejandro \u00c1vila Boca del R\u00edo, Ver.- Desde el pasado 3 de abril y hasta el d\u00eda 8, el grupo de clavadistas entrenado por Francisco Rueda Am\u00e9zquita, realiza un campamento en la Unidad Deportiva &#8220;Leyes de Reforma&#8221; de Boca del R\u00edo, con miras a sus pr\u00f3ximos eventos nacionales e internacionales. El presidente de la Asociaci\u00f3n de [&hellip;]<\/p>\n","protected":false},"author":2476,"featured_media":38897,"comment_status":"open","ping_status":"open","sticky":false,"template":"","format":"standard","meta":{"_jetpack_memberships_contains_paid_content":false,"footnotes":""},"categories":[2],"tags":[],"class_list":["post-38896","post","type-post","status-publish","format-standard","has-post-thumbnail","hentry","category-estado"],"jetpack_featured_media_url":"https:\/\/encuentroinformativo.com.mx\/wp-content\/uploads\/2023\/04\/IMG-20230405-WA0017.jpg","jetpack_sharing_enabled":true,"jetpack_likes_enabled":true,"amp_enabled":true,"_links":{"self":[{"href":"https:\/\/encuentroinformativo.com.mx\/index.php?rest_route=\/wp\/v2\/posts\/38896","targetHints":{"allow":["GET"]}}],"collection":[{"href":"https:\/\/encuentroinformativo.com.mx\/index.php?rest_route=\/wp\/v2\/posts"}],"about":[{"href":"https:\/\/encuentroinformativo.com.mx\/index.php?rest_route=\/wp\/v2\/types\/post"}],"author":[{"embeddable":true,"href":"https:\/\/encuentroinformativo.com.mx\/index.php?rest_route=\/wp\/v2\/users\/2476"}],"replies":[{"embeddable":true,"href":"https:\/\/encuentroinformativo.com.mx\/index.php?rest_route=%2Fwp%2Fv2%2Fcomments&post=38896"}],"version-history":[{"count":1,"href":"https:\/\/encuentroinformativo.com.mx\/index.php?rest_route=\/wp\/v2\/posts\/38896\/revisions"}],"predecessor-version":[{"id":38898,"href":"https:\/\/encuentroinformativo.com.mx\/index.php?rest_route=\/wp\/v2\/posts\/38896\/revisions\/38898"}],"wp:featuredmedia":[{"embeddable":true,"href":"https:\/\/encuentroinformativo.com.mx\/index.php?rest_route=\/wp\/v2\/media\/38897"}],"wp:attachment":[{"href":"https:\/\/encuentroinformativo.com.mx\/index.php?rest_route=%2Fwp%2Fv2%2Fmedia&parent=38896"}],"wp:term":[{"taxonomy":"category","embeddable":true,"href":"https:\/\/encuentroinformativo.com.mx\/index.php?rest_route=%2Fwp%2Fv2%2Fcategories&post=38896"},{"taxonomy":"post_tag","embeddable":true,"href":"https:\/\/encuentroinformativo.com.mx\/index.php?rest_route=%2Fwp%2Fv2%2Ftags&post=38896"}],"curies":[{"name":"wp","href":"https:\/\/api.w.org\/{rel}","templated":true}]}}