{"id":38909,"date":"2023-04-05T19:48:05","date_gmt":"2023-04-06T01:48:05","guid":{"rendered":"https:\/\/encuentroinformativo.com.mx\/?p=38909"},"modified":"2023-04-05T19:48:09","modified_gmt":"2023-04-06T01:48:09","slug":"operativo-de-semana-santa-contara-con-mas-de-500-elementos-capacitados-y-equipados-alcalde-jm-unanue","status":"publish","type":"post","link":"https:\/\/encuentroinformativo.com.mx\/?p=38909","title":{"rendered":"Operativo de Semana Santa contar\u00e1 con m\u00e1s de 500 elementos capacitados y equipados: Alcalde JM Un\u00e1nue"},"content":{"rendered":"\n<p><strong>*<em>Este mi\u00e9rcoles el Alcalde hizo entrega de equipo y material al personal de Protecci\u00f3n Civil Municipal para la optimizaci\u00f3n de sus tareas en este puente vacacional<\/em>.<\/strong><\/p>\n\n\n\n<p>Boca del R\u00edo, Ver.- El Presidente Municipal de Boca del R\u00edo, Juan Manuel Un\u00e1nue Abascal, refrend\u00f3 el compromiso de su administraci\u00f3n de mantener un Saldo Blanco durante el periodo vacacional de Semana Santa 2023, destacando estar listos para recibir a miles de turistas en los pr\u00f3ximos d\u00edas.<\/p>\n\n\n\n<p>\u201cHabr\u00e1 m\u00e1s de 500 elementos de diferentes \u00e1reas del Ayuntamiento -administrativas y operativas- trabajando todos los d\u00edas de esta Semana Santa para que todo salga impecable y recibir a los visitantes con los brazos abiertos, pero sobre todo, para que pasen unas vacaciones bonitas y seguras\u201d, coment\u00f3 el Alcalde.<\/p>\n\n\n\n<p>Participan Protecci\u00f3n Civil Municipal, Gobernaci\u00f3n, Tr\u00e1nsito Municipal, Polic\u00eda Municipal, DIF, Turismo y Recreaci\u00f3n, Comercio, Limpia P\u00fablica, Alumbrado P\u00fablico, Mantenimiento Urbano, Instituto Municipal de las Mujeres, Participaci\u00f3n Ciudadana, Desarrollo Social, Fomento Deportivo y Servicios Generales.<\/p>\n\n\n\n<p>La Fuerza de Tarea contempla la participaci\u00f3n de 75 veh\u00edculos de los cuales destacan patrullas, motopatrullas, cuatrimotos, motos acu\u00e1ticas, veh\u00edculos tipo sedan, camionetas pick up, camiones de volteo, compactador, retroexcavadora, bobcat, recolectores y scooters.<\/p>\n\n\n\n<p>Un\u00e1nue Abascal destac\u00f3 que la atenci\u00f3n oportuna es muy importante, por lo que se han implementado seis M\u00f3dulos de Atenci\u00f3n Ciudadana en Playas Santa Ana, El Morro, Mocambo, Camino Real y La Bamba, los cuales cuentan con personal del DIF, IMMUJERES, Polic\u00eda Municipal, Gobernaci\u00f3n y Protecci\u00f3n Civil.<\/p>\n\n\n\n<p>En la zona de playas se desplegar\u00e1 un operativo especial de seguridad acu\u00e1tica donde participan la Secretar\u00eda de Marina, Protecci\u00f3n Civil y el Agrupamiento Mar\u00edtimo de la Fuerza Civil con 15 elementos en 3 embarcaciones y 3 motos acu\u00e1ticas para impedir que los ba\u00f1istas se internen en zonas profundas o zonas de posas.<\/p>\n\n\n\n<p>A la orilla de playa se realiza un despliegue de 40 guardavidas los cuales emiten recomendaciones y medidas preventivas a los ba\u00f1istas para reducir el riesgo de ahogamiento.<\/p>\n\n\n\n<p>Por otra parte, el Alcalde de Boca del R\u00edo entreg\u00f3 implementos y equipos a los elementos de la Direcci\u00f3n de Protecci\u00f3n Civil Municipal para que realicen su trabajo de manera segura y eficaz.<\/p>\n\n\n\n<p>Dijo que todo este equipo es necesario para que cuiden de los ba\u00f1istas que usan y disfrutan las playas de la costa boque\u00f1a.<\/p>\n\n\n\n<p>Entre los implementos y equipos que se entregaron son: uniformes, chalecos de seguridad, equipos de radiocomunicaci\u00f3n port\u00e1tiles y base, boyas para delimitar zona de escolleras, binoculares, meg\u00e1fonos, maya pl\u00e1stica, banderas para se\u00f1alizaci\u00f3n de playa, entre otros.<\/p>\n\n\n\n<p>Durante el acto protocolario se destac\u00f3 su ardua labor de los elementos de la Direcci\u00f3n de Protecci\u00f3n Civil de Boca del R\u00edo, as\u00ed como a su titular Jorge Roberto Rojas Hern\u00e1ndez.<br>Finalmente, Juan Manuel Un\u00e1nue Abascal, asever\u00f3 que a partir de este jueves arribar\u00e1 el mayor n\u00famero de visitantes a la ciudad, ocupando el cien por ciento de la oferta hotelera del municipio, dejando una importante derrama econ\u00f3mica en toda la vertiente de comercios y prestadores de servicios, resaltando que todo el personal est\u00e1 listo para dar acompa\u00f1amiento a los turistas nacionales e internacionales que disfrutar\u00e1n de Boca del R\u00edo.<\/p>\n\n\n\n<figure class=\"wp-block-image size-large\"><img loading=\"lazy\" decoding=\"async\" width=\"1024\" height=\"682\" src=\"https:\/\/encuentroinformativo.com.mx\/wp-content\/uploads\/2023\/04\/IMG-20230405-WA0065-1024x682.jpg\" alt=\"\" class=\"wp-image-38911\" srcset=\"https:\/\/encuentroinformativo.com.mx\/wp-content\/uploads\/2023\/04\/IMG-20230405-WA0065-1024x682.jpg 1024w, https:\/\/encuentroinformativo.com.mx\/wp-content\/uploads\/2023\/04\/IMG-20230405-WA0065-300x200.jpg 300w, https:\/\/encuentroinformativo.com.mx\/wp-content\/uploads\/2023\/04\/IMG-20230405-WA0065-768x512.jpg 768w, https:\/\/encuentroinformativo.com.mx\/wp-content\/uploads\/2023\/04\/IMG-20230405-WA0065-1536x1023.jpg 1536w, https:\/\/encuentroinformativo.com.mx\/wp-content\/uploads\/2023\/04\/IMG-20230405-WA0065.jpg 1600w\" sizes=\"auto, (max-width: 1024px) 100vw, 1024px\" \/><\/figure>\n","protected":false},"excerpt":{"rendered":"<p>*Este mi\u00e9rcoles el Alcalde hizo entrega de equipo y material al personal de Protecci\u00f3n Civil Municipal para la optimizaci\u00f3n de sus tareas en este puente vacacional. Boca del R\u00edo, Ver.- El Presidente Municipal de Boca del R\u00edo, Juan Manuel Un\u00e1nue Abascal, refrend\u00f3 el compromiso de su administraci\u00f3n de mantener un Saldo Blanco durante el periodo [&hellip;]<\/p>\n","protected":false},"author":2476,"featured_media":38910,"comment_status":"open","ping_status":"open","sticky":false,"template":"","format":"standard","meta":{"_jetpack_memberships_contains_paid_content":false,"footnotes":""},"categories":[2],"tags":[],"class_list":["post-38909","post","type-post","status-publish","format-standard","has-post-thumbnail","hentry","category-estado"],"jetpack_featured_media_url":"https:\/\/encuentroinformativo.com.mx\/wp-content\/uploads\/2023\/04\/IMG-20230405-WA0064.jpg","jetpack_sharing_enabled":true,"jetpack_likes_enabled":true,"amp_enabled":true,"_links":{"self":[{"href":"https:\/\/encuentroinformativo.com.mx\/index.php?rest_route=\/wp\/v2\/posts\/38909","targetHints":{"allow":["GET"]}}],"collection":[{"href":"https:\/\/encuentroinformativo.com.mx\/index.php?rest_route=\/wp\/v2\/posts"}],"about":[{"href":"https:\/\/encuentroinformativo.com.mx\/index.php?rest_route=\/wp\/v2\/types\/post"}],"author":[{"embeddable":true,"href":"https:\/\/encuentroinformativo.com.mx\/index.php?rest_route=\/wp\/v2\/users\/2476"}],"replies":[{"embeddable":true,"href":"https:\/\/encuentroinformativo.com.mx\/index.php?rest_route=%2Fwp%2Fv2%2Fcomments&post=38909"}],"version-history":[{"count":1,"href":"https:\/\/encuentroinformativo.com.mx\/index.php?rest_route=\/wp\/v2\/posts\/38909\/revisions"}],"predecessor-version":[{"id":38912,"href":"https:\/\/encuentroinformativo.com.mx\/index.php?rest_route=\/wp\/v2\/posts\/38909\/revisions\/38912"}],"wp:featuredmedia":[{"embeddable":true,"href":"https:\/\/encuentroinformativo.com.mx\/index.php?rest_route=\/wp\/v2\/media\/38910"}],"wp:attachment":[{"href":"https:\/\/encuentroinformativo.com.mx\/index.php?rest_route=%2Fwp%2Fv2%2Fmedia&parent=38909"}],"wp:term":[{"taxonomy":"category","embeddable":true,"href":"https:\/\/encuentroinformativo.com.mx\/index.php?rest_route=%2Fwp%2Fv2%2Fcategories&post=38909"},{"taxonomy":"post_tag","embeddable":true,"href":"https:\/\/encuentroinformativo.com.mx\/index.php?rest_route=%2Fwp%2Fv2%2Ftags&post=38909"}],"curies":[{"name":"wp","href":"https:\/\/api.w.org\/{rel}","templated":true}]}}