{"id":38919,"date":"2023-04-06T12:11:35","date_gmt":"2023-04-06T18:11:35","guid":{"rendered":"https:\/\/encuentroinformativo.com.mx\/?p=38919"},"modified":"2023-04-06T12:11:39","modified_gmt":"2023-04-06T18:11:39","slug":"por-segunda-ocasion-nominan-a-las-patronas-al-premio-princesa-de-asturias","status":"publish","type":"post","link":"https:\/\/encuentroinformativo.com.mx\/?p=38919","title":{"rendered":"Por segunda ocasi\u00f3n, nominan a Las Patronas al premio Princesa de Asturias"},"content":{"rendered":"\n<p><strong>Alejandro \u00c1vila<\/strong><\/p>\n\n\n\n<p>Veracruz, Ver.- Por segunda ocasi\u00f3n el colectivo Las Patronas, el cual apoya a migrantes durante su paso por Veracruz, fue nominado al Premio Princesa de Asturias de la Concordia.<\/p>\n\n\n\n<p>Cabe recordar que en el 2015 las veracruzanas tambi\u00e9n fueron nominadas; sin embargo, en aquella ocasi\u00f3n, la Orden Hospitalaria de San Juan de Dios, fue quien obtuvo el galard\u00f3n.<\/p>\n\n\n\n<p>Debido a su constante apoyo con 28 a\u00f1os de trabajo altruista, las mujeres que cuentan con un albergue en el municipio de Amatl\u00e1n de Los Reyes, volvieron a ser consideradas para esta prestigiosa presea.<\/p>\n\n\n\n<p>Las Patronas dan refugio, comida y atenci\u00f3n m\u00e9dica a los migrantes, en su mayor\u00eda centroamericanos, que transitan por Veracruz en su intento por llegar a los Estados Unidos.<\/p>\n\n\n\n<p>El Premio Princesa de Asturias se otorga a aquellas personas e instituciones que contribuyen con su trabajo y sus m\u00e9ritos en las \u00e1reas cient\u00edficas, t\u00e9cnicas, culturales, sociales y humanitarias al progreso y bienestar social de manera extraordinaria y ejemplar.<\/p>\n\n\n\n<p>Este premio se otorga desde 1986, a aquella persona o personas o instituci\u00f3n cuya labor haya contribuido de forma ejemplar y relevante al entendimiento y a la convivencia en paz entre los seres humanos, a la lucha contra la injusticia, la pobreza, la enfermedad, la ignorancia o la defensa de la libertad.<\/p>\n\n\n\n<p>Los Premios ser\u00e1n entregados en una solemne ceremonia que tiene lugar en octubre en el Teatro Campoamor de Oviedo en Espa\u00f1a en este 2023.<\/p>\n\n\n\n<p>A trav\u00e9s de sus redes sociales Las Patronas informaron acerca de su nominaci\u00f3n y solicitaron el apoyo de la ciudadan\u00eda por medio de cartas que piden sean enviadas al correo&nbsp;apoyos@fpa.es&nbsp;donde expresen brevemente porqu\u00e9 piensas que ellas merecen este premio.<\/p>\n\n\n\n<p>\u201cLas Patronas merecen recibir el Premio de Asturias a la Concordia porque son un ejemplo de humanidad y amor al migrante en tiempos de expulsi\u00f3n y discriminaci\u00f3n. Ellas son la esperanza del migrante\u201d, se\u00f1alan en un breve texto publicado en sus redes sociales.<\/p>\n\n\n\n<p>En su trayectoria en la asistencia y defensa de derechos de los migrantes les ha merecido reconocimientos como el Premio Nacional de Derechos Humanos 2013, y el Premio Nacional de Derechos Humanos \u201cSergio M\u00e9ndez Arceo 2013\u201d.<\/p>\n","protected":false},"excerpt":{"rendered":"<p>Alejandro \u00c1vila Veracruz, Ver.- Por segunda ocasi\u00f3n el colectivo Las Patronas, el cual apoya a migrantes durante su paso por Veracruz, fue nominado al Premio Princesa de Asturias de la Concordia. Cabe recordar que en el 2015 las veracruzanas tambi\u00e9n fueron nominadas; sin embargo, en aquella ocasi\u00f3n, la Orden Hospitalaria de San Juan de Dios, [&hellip;]<\/p>\n","protected":false},"author":2476,"featured_media":38920,"comment_status":"open","ping_status":"open","sticky":false,"template":"","format":"standard","meta":{"_jetpack_memberships_contains_paid_content":false,"footnotes":""},"categories":[2],"tags":[],"class_list":["post-38919","post","type-post","status-publish","format-standard","has-post-thumbnail","hentry","category-estado"],"jetpack_featured_media_url":"https:\/\/encuentroinformativo.com.mx\/wp-content\/uploads\/2023\/04\/IMG-20230406-WA00062.jpg","jetpack_sharing_enabled":true,"jetpack_likes_enabled":true,"amp_enabled":true,"_links":{"self":[{"href":"https:\/\/encuentroinformativo.com.mx\/index.php?rest_route=\/wp\/v2\/posts\/38919","targetHints":{"allow":["GET"]}}],"collection":[{"href":"https:\/\/encuentroinformativo.com.mx\/index.php?rest_route=\/wp\/v2\/posts"}],"about":[{"href":"https:\/\/encuentroinformativo.com.mx\/index.php?rest_route=\/wp\/v2\/types\/post"}],"author":[{"embeddable":true,"href":"https:\/\/encuentroinformativo.com.mx\/index.php?rest_route=\/wp\/v2\/users\/2476"}],"replies":[{"embeddable":true,"href":"https:\/\/encuentroinformativo.com.mx\/index.php?rest_route=%2Fwp%2Fv2%2Fcomments&post=38919"}],"version-history":[{"count":1,"href":"https:\/\/encuentroinformativo.com.mx\/index.php?rest_route=\/wp\/v2\/posts\/38919\/revisions"}],"predecessor-version":[{"id":38921,"href":"https:\/\/encuentroinformativo.com.mx\/index.php?rest_route=\/wp\/v2\/posts\/38919\/revisions\/38921"}],"wp:featuredmedia":[{"embeddable":true,"href":"https:\/\/encuentroinformativo.com.mx\/index.php?rest_route=\/wp\/v2\/media\/38920"}],"wp:attachment":[{"href":"https:\/\/encuentroinformativo.com.mx\/index.php?rest_route=%2Fwp%2Fv2%2Fmedia&parent=38919"}],"wp:term":[{"taxonomy":"category","embeddable":true,"href":"https:\/\/encuentroinformativo.com.mx\/index.php?rest_route=%2Fwp%2Fv2%2Fcategories&post=38919"},{"taxonomy":"post_tag","embeddable":true,"href":"https:\/\/encuentroinformativo.com.mx\/index.php?rest_route=%2Fwp%2Fv2%2Ftags&post=38919"}],"curies":[{"name":"wp","href":"https:\/\/api.w.org\/{rel}","templated":true}]}}