{"id":3892,"date":"2020-07-06T13:28:22","date_gmt":"2020-07-06T18:28:22","guid":{"rendered":"https:\/\/encuentroinformativo.com\/?p=3892"},"modified":"2020-07-06T13:28:25","modified_gmt":"2020-07-06T18:28:25","slug":"alcalde-suplente-denuncia-que-recibio-amenazas-para-renunciar-al-cargo","status":"publish","type":"post","link":"https:\/\/encuentroinformativo.com.mx\/?p=3892","title":{"rendered":"Alcalde suplente denuncia que recibi\u00f3 amenazas para renunciar al cargo"},"content":{"rendered":"\n<p><strong>Juan Arcos <\/strong><\/p>\n\n\n\n<p>Xalapa, Ver.- El alcalde suplente de Actopan, Jos\u00e9 Alfredo L\u00f3pez Carreto, denunci\u00f3 que fue amenazado por el diputado local Juan Javier G\u00f3mez Cazar\u00edn para que firmara ante notario su renuncia a la presidencia municipal.<\/p>\n\n\n\n<p>El edil indic\u00f3 que los legisladores del Movimiento de Regeneraci\u00f3n Nacional (Morena) le mandaron a decir con su amigo Eduardo de la Torre Jaramillo que hab\u00eda una orden de aprehensi\u00f3n en su contra y que si no declinaba a su aspiraci\u00f3n ser\u00eda encarcelado.<\/p>\n\n\n\n<p>Record\u00f3 que el pasado 4 de marzo se llev\u00f3 a cabo la revocaci\u00f3n de mandato del alcalde y la s\u00edndica, Jos\u00e9 Paulino Dom\u00ednguez S\u00e1nchez y Lucero Jazm\u00edn Palmeros Barradas. Adem\u00e1s, se giraron \u00f3rdenes de aprehensi\u00f3n, por lo que la exfuncionaria se encuentra en el penal de Pacho Viejo y, el exalcalde, pr\u00f3fugo de la justicia.<\/p>\n\n\n\n<p>A\u00f1adi\u00f3 que el decreto 554 establece que en esas condiciones deben ser llamados los suplentes para ocupar los cargos mencionados; sin embargo, el Congreso del Estado no lo hizo.<\/p>\n\n\n\n<p>Entreg\u00f3 un oficio al d\u00eda siguiente en el Congreso local para que lo llamaran a tomar protesta.<\/p>\n\n\n\n<p>\u201cHasta la fecha el Congreso del Estado no lo ha hecho. Inici\u00e9 un juicio en el Tribunal Electoral del Estado de Veracruz (TEV) para proteger mis derechos electorales. Al mismo tiempo, envi\u00e9 oficios al ayuntamiento de Actopan con los ediles para llevar a cabo la sesi\u00f3n de la toma de protesta, los ediles contestaron que no ten\u00edan la facultad para convocar a la sesi\u00f3n de Cabildo\u201d.<\/p>\n\n\n\n<p>Posteriormente, recibi\u00f3 llamadas telef\u00f3nicas de sus familiares y del alcalde de Actopan, Jos\u00e9 Paulino Dom\u00ednguez S\u00e1nchez, donde lo alertaban sobre la presencia de patrullas en el municipio que lo andaban buscando con una fotograf\u00eda en la mano.<\/p>\n\n\n\n<p>\u201cRecib\u00ed la llamada de un polic\u00eda donde me dec\u00eda que ten\u00eda que renunciar al cargo y que si no iba a tener consecuencias, despu\u00e9s de ello, el lunes 9 de marzo, yo hab\u00eda convocado a las diez de la ma\u00f1ana para sesi\u00f3n de cabildo y ma\u00f1osamente hicieron un operativo, en la central de Actopan, en la cabecera municipal por La Bocanita, polic\u00edas estatales y ministeriales para que no pudiera entrar al municipio.<\/p>\n\n\n\n<p>Los diputados locales lo hab\u00edan exhortado a presentar su renuncia a la presidencia municipal en dos horas. Su amigo Eduardo de la Torre Jaramillo fue quien acudi\u00f3 al Palacio Legislativo para entregarla.<\/p>\n\n\n\n<p>\u201cLe dijeron (a Eduardo) que me escondiera unos d\u00edas, estuve escondido unos d\u00edas, despu\u00e9s me encontraron en la casa de un familiar y me llevaron con una notaria donde perdonas del congreso del estado quer\u00edan que le deshiciera del juicio electoral que hab\u00eda metido en el tribunal\u201d.<\/p>\n\n\n\n<p>L\u00f3pez Carreto indic\u00f3 que ha solicitado asesor\u00eda jur\u00eddica para ver la manera en que se podr\u00eda proceder legalmente por dicho motivo y contra el alcalde interino Eduardo Carranza por la usurpaci\u00f3n de funciones y el ejercicio de recursos p\u00fablicos, al haber llegado al cargo de manera ilegal, seg\u00fan el fallo del Tribunal Electoral de Veracruz.<\/p>\n\n\n\n<p><\/p>\n","protected":false},"excerpt":{"rendered":"<p>Juan Arcos Xalapa, Ver.- El alcalde suplente de Actopan, Jos\u00e9 Alfredo L\u00f3pez Carreto, denunci\u00f3 que fue amenazado por el diputado local Juan Javier G\u00f3mez Cazar\u00edn para que firmara ante notario su renuncia a la presidencia municipal. El edil indic\u00f3 que los legisladores del Movimiento de Regeneraci\u00f3n Nacional (Morena) le mandaron a decir con su amigo [&hellip;]<\/p>\n","protected":false},"author":1,"featured_media":3893,"comment_status":"open","ping_status":"open","sticky":false,"template":"","format":"standard","meta":{"_jetpack_memberships_contains_paid_content":false,"footnotes":""},"categories":[2],"tags":[],"class_list":["post-3892","post","type-post","status-publish","format-standard","has-post-thumbnail","hentry","category-estado"],"jetpack_featured_media_url":"https:\/\/encuentroinformativo.com.mx\/wp-content\/uploads\/2020\/07\/3A2374FC-CB75-4689-9265-41D8FAE2B5F0.jpeg","jetpack_sharing_enabled":true,"jetpack_likes_enabled":true,"amp_enabled":true,"_links":{"self":[{"href":"https:\/\/encuentroinformativo.com.mx\/index.php?rest_route=\/wp\/v2\/posts\/3892","targetHints":{"allow":["GET"]}}],"collection":[{"href":"https:\/\/encuentroinformativo.com.mx\/index.php?rest_route=\/wp\/v2\/posts"}],"about":[{"href":"https:\/\/encuentroinformativo.com.mx\/index.php?rest_route=\/wp\/v2\/types\/post"}],"author":[{"embeddable":true,"href":"https:\/\/encuentroinformativo.com.mx\/index.php?rest_route=\/wp\/v2\/users\/1"}],"replies":[{"embeddable":true,"href":"https:\/\/encuentroinformativo.com.mx\/index.php?rest_route=%2Fwp%2Fv2%2Fcomments&post=3892"}],"version-history":[{"count":1,"href":"https:\/\/encuentroinformativo.com.mx\/index.php?rest_route=\/wp\/v2\/posts\/3892\/revisions"}],"predecessor-version":[{"id":3894,"href":"https:\/\/encuentroinformativo.com.mx\/index.php?rest_route=\/wp\/v2\/posts\/3892\/revisions\/3894"}],"wp:featuredmedia":[{"embeddable":true,"href":"https:\/\/encuentroinformativo.com.mx\/index.php?rest_route=\/wp\/v2\/media\/3893"}],"wp:attachment":[{"href":"https:\/\/encuentroinformativo.com.mx\/index.php?rest_route=%2Fwp%2Fv2%2Fmedia&parent=3892"}],"wp:term":[{"taxonomy":"category","embeddable":true,"href":"https:\/\/encuentroinformativo.com.mx\/index.php?rest_route=%2Fwp%2Fv2%2Fcategories&post=3892"},{"taxonomy":"post_tag","embeddable":true,"href":"https:\/\/encuentroinformativo.com.mx\/index.php?rest_route=%2Fwp%2Fv2%2Ftags&post=3892"}],"curies":[{"name":"wp","href":"https:\/\/api.w.org\/{rel}","templated":true}]}}