{"id":38922,"date":"2023-04-06T12:13:44","date_gmt":"2023-04-06T18:13:44","guid":{"rendered":"https:\/\/encuentroinformativo.com.mx\/?p=38922"},"modified":"2023-04-06T12:13:47","modified_gmt":"2023-04-06T18:13:47","slug":"coatepec-se-consolida-como-la-capital-de-las-orquideas-de-mexico","status":"publish","type":"post","link":"https:\/\/encuentroinformativo.com.mx\/?p=38922","title":{"rendered":"Coatepec se consolida como la Capital de las Orqu\u00eddeas de M\u00e9xico"},"content":{"rendered":"\n<p><strong>Alejandro \u00c1vila<\/strong><\/p>\n\n\n\n<p>Coatepec, Ver.- Este mi\u00e9rcoles dio inicio el Festival Internacional de la Orqu\u00eddea en el municipio de Coatepec, donde, adem\u00e1s, se estrenaron las nuevas instalaciones del Museo de la Orqu\u00eddea, justo en la zona centro del Pueblo M\u00e1gico.&nbsp;<\/p>\n\n\n\n<p>M\u00e1s de 30 mil flores dispuso Isa\u00edas Contreras para la exposici\u00f3n del Festival Internacional de la Orqu\u00eddea; es de mencionar que en el municipio de Coatepec se cuentan con lo elementos biol\u00f3gicos, ecol\u00f3gicos, culturales e historicos, que la hacen una regi\u00f3n \u00fanica en todo M\u00e9xico.&nbsp;<\/p>\n\n\n\n<p>Ser\u00e1 hasta el pr\u00f3ximo 9 de abril que los turistas puedan apreciar el fascinante mundo de las Orqu\u00eddeas; en el Festival se dar\u00e1n talleres y conferencias, y habr\u00e1 insumos para su cultivo; as\u00ed como una gran variedad de las mejores orqu\u00eddeas a los mejores precios.<\/p>\n\n\n\n<p>Isa\u00edas Contreras se\u00f1al\u00f3 que el Festival Internacional de la Orqu\u00eddea es una buena opci\u00f3n alternativa para disfrutar de las vacaciones de Semana Santa; los horarios son de, 10 de la ma\u00f1ana a 7 de la noche, la exposici\u00f3n se ubica en la calle Jim\u00e9nez del Campillo a una cuadra del parque Miguel Hidalgo.<\/p>\n","protected":false},"excerpt":{"rendered":"<p>Alejandro \u00c1vila Coatepec, Ver.- Este mi\u00e9rcoles dio inicio el Festival Internacional de la Orqu\u00eddea en el municipio de Coatepec, donde, adem\u00e1s, se estrenaron las nuevas instalaciones del Museo de la Orqu\u00eddea, justo en la zona centro del Pueblo M\u00e1gico.&nbsp; M\u00e1s de 30 mil flores dispuso Isa\u00edas Contreras para la exposici\u00f3n del Festival Internacional de la [&hellip;]<\/p>\n","protected":false},"author":2476,"featured_media":38923,"comment_status":"open","ping_status":"open","sticky":false,"template":"","format":"standard","meta":{"_jetpack_memberships_contains_paid_content":false,"footnotes":""},"categories":[8],"tags":[],"class_list":["post-38922","post","type-post","status-publish","format-standard","has-post-thumbnail","hentry","category-region"],"jetpack_featured_media_url":"https:\/\/encuentroinformativo.com.mx\/wp-content\/uploads\/2023\/04\/IMG-20230406-WA0011.jpg","jetpack_sharing_enabled":true,"jetpack_likes_enabled":true,"amp_enabled":true,"_links":{"self":[{"href":"https:\/\/encuentroinformativo.com.mx\/index.php?rest_route=\/wp\/v2\/posts\/38922","targetHints":{"allow":["GET"]}}],"collection":[{"href":"https:\/\/encuentroinformativo.com.mx\/index.php?rest_route=\/wp\/v2\/posts"}],"about":[{"href":"https:\/\/encuentroinformativo.com.mx\/index.php?rest_route=\/wp\/v2\/types\/post"}],"author":[{"embeddable":true,"href":"https:\/\/encuentroinformativo.com.mx\/index.php?rest_route=\/wp\/v2\/users\/2476"}],"replies":[{"embeddable":true,"href":"https:\/\/encuentroinformativo.com.mx\/index.php?rest_route=%2Fwp%2Fv2%2Fcomments&post=38922"}],"version-history":[{"count":1,"href":"https:\/\/encuentroinformativo.com.mx\/index.php?rest_route=\/wp\/v2\/posts\/38922\/revisions"}],"predecessor-version":[{"id":38924,"href":"https:\/\/encuentroinformativo.com.mx\/index.php?rest_route=\/wp\/v2\/posts\/38922\/revisions\/38924"}],"wp:featuredmedia":[{"embeddable":true,"href":"https:\/\/encuentroinformativo.com.mx\/index.php?rest_route=\/wp\/v2\/media\/38923"}],"wp:attachment":[{"href":"https:\/\/encuentroinformativo.com.mx\/index.php?rest_route=%2Fwp%2Fv2%2Fmedia&parent=38922"}],"wp:term":[{"taxonomy":"category","embeddable":true,"href":"https:\/\/encuentroinformativo.com.mx\/index.php?rest_route=%2Fwp%2Fv2%2Fcategories&post=38922"},{"taxonomy":"post_tag","embeddable":true,"href":"https:\/\/encuentroinformativo.com.mx\/index.php?rest_route=%2Fwp%2Fv2%2Ftags&post=38922"}],"curies":[{"name":"wp","href":"https:\/\/api.w.org\/{rel}","templated":true}]}}