{"id":38926,"date":"2023-04-06T12:21:21","date_gmt":"2023-04-06T18:21:21","guid":{"rendered":"https:\/\/encuentroinformativo.com.mx\/?p=38926"},"modified":"2023-04-06T12:21:26","modified_gmt":"2023-04-06T18:21:26","slug":"joven-victima-de-asalto-acusa-que-policias-no-detuvieron-al-responsable","status":"publish","type":"post","link":"https:\/\/encuentroinformativo.com.mx\/?p=38926","title":{"rendered":"Joven v\u00edctima de asalto, acusa que polic\u00edas no detuvieron al responsable"},"content":{"rendered":"\n<p><strong>Juan Arcos <\/strong><\/p>\n\n\n\n<p>Xalapa, Ver.- Natalia \u201cN\u201d, de 24 a\u00f1os, caminaba por calles del centro de Xalapa cuando fue sorprendida por un sujeto que intent\u00f3 asaltarla con navaja en mano. Los polic\u00edas municipales que la atendieron se burlaron de ella.<\/p>\n\n\n\n<p>Ella practica artes marciales y aplic\u00f3 sus t\u00e9cnicas de defensa personal, golpe\u00f3 al sujeto y pidi\u00f3 a los elementos que lo detuvieran, pero no fue as\u00ed y su caso est\u00e1 impune.<\/p>\n\n\n\n<p>Esto ocurri\u00f3 alrededor de las 23:30 horas del pasado s\u00e1bado 1 de abril, sobre la calle Balderas, entre Miguel Palacios, Ignacia Allende y \u00darsulo Galv\u00e1n, a una cuadra de Palacio Municipal.<\/p>\n\n\n\n<p>&#8220;Vengo hablando por tel\u00e9fono, recuerdo que deb\u00eda regresar a otro lugar y a la hora que me doy la vuelta, solo escucho: \u00a1celular y cartera!, ya valiste madres, flaca, dame tu cartera y tu celular o te voy a picar. As\u00ed me dijo\u201d, relata.<\/p>\n\n\n\n<p>Se trataba de un joven, de unos 30 a\u00f1os, que mide aproximadamente un metro con 60 cent\u00edmetros. Vest\u00eda camisa blanca, una gorra roja y un pantal\u00f3n color beige.<\/p>\n\n\n\n<p>\u201cLe pegu\u00e9 un golpe y sal\u00ed corriendo hacia la zona centro, decid\u00ed correr hacia el parque Ju\u00e1rez. Por suerte ven\u00eda bajando una patrulla, me auxili\u00f3 pero no se lo llevaron detenido\u201d, a\u00f1ade.<\/p>\n\n\n\n<p>Los polic\u00edas municipales desplegaron un operativo y encontraron al presunto asaltante en un domicilio sobre la calle \u00c1lamos, en el barrio de El Dique.<\/p>\n\n\n\n<p>\u201cNo lo detuvieron porque la vestimenta de la persona cuando lo encontraron en su domicilio no coincid\u00eda. Les dije que era \u00e9l, pero se burlaron porque no coincid\u00eda la vestimenta y uno de los polic\u00edas me dijo: tambi\u00e9n t\u00fa qu\u00e9 hac\u00edas a esa hora. Ven\u00eda de un evento deportivo\u201d, indica.<br>Los polic\u00edas insinuaron que la joven no deb\u00eda andar en la calle por la noche, cuando cualquier persona es libre de hacerlo.<\/p>\n\n\n\n<p><strong>TAMBI\u00c9N ROBA AUTOS<\/strong><\/p>\n\n\n\n<p>Al asaltante le dicen \u201cel hijo del frutero\u201d, quien ha sido se\u00f1alado varias veces por cometer robos y asaltos en la zona mencionada.<\/p>\n\n\n\n<p>Incluso, algunas personas lo reconocieron y dijeron que el asaltante es la misma persona que ha \u201ccristaleado\u201d los veh\u00edculos estacionados en las inmediaciones del Campo Deportivo Col\u00f3n.<\/p>\n\n\n\n<p>El sujeto fue captado por c\u00e1maras de videovigilancia mientras romp\u00eda la ventanilla de un coche Nissan-Versa, color azul; sin embargo, no ha sido detenido.<\/p>\n","protected":false},"excerpt":{"rendered":"<p>Juan Arcos Xalapa, Ver.- Natalia \u201cN\u201d, de 24 a\u00f1os, caminaba por calles del centro de Xalapa cuando fue sorprendida por un sujeto que intent\u00f3 asaltarla con navaja en mano. Los polic\u00edas municipales que la atendieron se burlaron de ella. Ella practica artes marciales y aplic\u00f3 sus t\u00e9cnicas de defensa personal, golpe\u00f3 al sujeto y pidi\u00f3 [&hellip;]<\/p>\n","protected":false},"author":2476,"featured_media":38927,"comment_status":"open","ping_status":"open","sticky":false,"template":"","format":"standard","meta":{"_jetpack_memberships_contains_paid_content":false,"footnotes":""},"categories":[3],"tags":[],"class_list":["post-38926","post","type-post","status-publish","format-standard","has-post-thumbnail","hentry","category-xalapa"],"jetpack_featured_media_url":"https:\/\/encuentroinformativo.com.mx\/wp-content\/uploads\/2023\/04\/IMG_9539.jpg","jetpack_sharing_enabled":true,"jetpack_likes_enabled":true,"amp_enabled":true,"_links":{"self":[{"href":"https:\/\/encuentroinformativo.com.mx\/index.php?rest_route=\/wp\/v2\/posts\/38926","targetHints":{"allow":["GET"]}}],"collection":[{"href":"https:\/\/encuentroinformativo.com.mx\/index.php?rest_route=\/wp\/v2\/posts"}],"about":[{"href":"https:\/\/encuentroinformativo.com.mx\/index.php?rest_route=\/wp\/v2\/types\/post"}],"author":[{"embeddable":true,"href":"https:\/\/encuentroinformativo.com.mx\/index.php?rest_route=\/wp\/v2\/users\/2476"}],"replies":[{"embeddable":true,"href":"https:\/\/encuentroinformativo.com.mx\/index.php?rest_route=%2Fwp%2Fv2%2Fcomments&post=38926"}],"version-history":[{"count":1,"href":"https:\/\/encuentroinformativo.com.mx\/index.php?rest_route=\/wp\/v2\/posts\/38926\/revisions"}],"predecessor-version":[{"id":38928,"href":"https:\/\/encuentroinformativo.com.mx\/index.php?rest_route=\/wp\/v2\/posts\/38926\/revisions\/38928"}],"wp:featuredmedia":[{"embeddable":true,"href":"https:\/\/encuentroinformativo.com.mx\/index.php?rest_route=\/wp\/v2\/media\/38927"}],"wp:attachment":[{"href":"https:\/\/encuentroinformativo.com.mx\/index.php?rest_route=%2Fwp%2Fv2%2Fmedia&parent=38926"}],"wp:term":[{"taxonomy":"category","embeddable":true,"href":"https:\/\/encuentroinformativo.com.mx\/index.php?rest_route=%2Fwp%2Fv2%2Fcategories&post=38926"},{"taxonomy":"post_tag","embeddable":true,"href":"https:\/\/encuentroinformativo.com.mx\/index.php?rest_route=%2Fwp%2Fv2%2Ftags&post=38926"}],"curies":[{"name":"wp","href":"https:\/\/api.w.org\/{rel}","templated":true}]}}