{"id":38929,"date":"2023-04-06T12:29:31","date_gmt":"2023-04-06T18:29:31","guid":{"rendered":"https:\/\/encuentroinformativo.com.mx\/?p=38929"},"modified":"2023-04-06T12:29:35","modified_gmt":"2023-04-06T18:29:35","slug":"rios-afectados-por-invasion-de-predios-en-zona-de-xalapa","status":"publish","type":"post","link":"https:\/\/encuentroinformativo.com.mx\/?p=38929","title":{"rendered":"R\u00edos afectados por invasi\u00f3n de predios en zona de Xalapa"},"content":{"rendered":"\n<p><strong>Juan Arcos <\/strong><\/p>\n\n\n\n<p>Xalapa, Ver.- En la regi\u00f3n capital de Veracruz hay zonas donde los segmentos de r\u00edos fueron alterados por la construcci\u00f3n de carreteras o invasiones de predios y \u00e1reas verdes, situaci\u00f3n que afecta al entorno ecol\u00f3gico.<\/p>\n\n\n\n<p>As\u00ed lo revel\u00f3 el director general del Inecol, Armando Contreras Hern\u00e1ndez, quien a\u00f1adi\u00f3 que existe el inter\u00e9s ciudadano por conservar los segmentos de los r\u00edos en la zona de Xalapa.<\/p>\n\n\n\n<p>El especialista destac\u00f3 que la estrategia del Inecol ha sido la vinculaci\u00f3n de grupos de investigaci\u00f3n con actores sociales en espacios espec\u00edficos para dar el seguimiento oportuno.<\/p>\n\n\n\n<p>&#8220;Para que las acciones no se pierdan con proyectos peque\u00f1os que no tienen continuidad. Entonces, estos equipos de trabajo funcionan en coordinaci\u00f3n con cada uno de los colectivos\u201d, enfatiz\u00f3.<\/p>\n\n\n\n<p>Indic\u00f3 que en el caso del r\u00edo Pixquiac, en la zona de Briones, municipio de Coatepec, se trabaj\u00f3 con autoridades estatales y organizaciones civiles en la delimitaci\u00f3n de la zona del afluente.<\/p>\n\n\n\n<p>Con lo anterior, se invit\u00f3 a los vecinos a que respeten los metros de uso com\u00fan y que sus propiedades no invadan el espacio federal.<\/p>\n\n\n\n<p>Tambi\u00e9n dio a conocer que el Instituto de Ecolog\u00eda realiza estudios para identificar cu\u00e1ntos humedales en Xalapa y la regi\u00f3n est\u00e1n en peligro por el crecimiento de la mancha urbana y la contaminaci\u00f3n.<\/p>\n\n\n\n<p>Contreras Hern\u00e1ndez inform\u00f3 que una de las redes de investigaci\u00f3n sobre estudios biotecnol\u00f3gicos se labora en varios humedales para reconocer cu\u00e1les est\u00e1n en proceso de deterioro y plantear propuestas para su rescate.<\/p>\n\n\n\n<p>\u201cTambi\u00e9n hay otros humedales que est\u00e1n siendo estudiados para su restauraci\u00f3n, es decir, que ya detiene el diagn\u00f3stico y decir qu\u00e9 tipo de intervenciones se pueden hacer para que el humedal se mantenga\u201d, expres\u00f3.<\/p>\n\n\n\n<p>El especialista detall\u00f3 que tambi\u00e9n han surgido grupos organizados de la sociedad civil que llevan a cabo acciones para la protecci\u00f3n de los humedales.<\/p>\n","protected":false},"excerpt":{"rendered":"<p>Juan Arcos Xalapa, Ver.- En la regi\u00f3n capital de Veracruz hay zonas donde los segmentos de r\u00edos fueron alterados por la construcci\u00f3n de carreteras o invasiones de predios y \u00e1reas verdes, situaci\u00f3n que afecta al entorno ecol\u00f3gico. As\u00ed lo revel\u00f3 el director general del Inecol, Armando Contreras Hern\u00e1ndez, quien a\u00f1adi\u00f3 que existe el inter\u00e9s ciudadano [&hellip;]<\/p>\n","protected":false},"author":2476,"featured_media":38930,"comment_status":"open","ping_status":"open","sticky":false,"template":"","format":"standard","meta":{"_jetpack_memberships_contains_paid_content":false,"footnotes":""},"categories":[8],"tags":[],"class_list":["post-38929","post","type-post","status-publish","format-standard","has-post-thumbnail","hentry","category-region"],"jetpack_featured_media_url":"https:\/\/encuentroinformativo.com.mx\/wp-content\/uploads\/2023\/04\/IMG_9945.jpg","jetpack_sharing_enabled":true,"jetpack_likes_enabled":true,"amp_enabled":true,"_links":{"self":[{"href":"https:\/\/encuentroinformativo.com.mx\/index.php?rest_route=\/wp\/v2\/posts\/38929","targetHints":{"allow":["GET"]}}],"collection":[{"href":"https:\/\/encuentroinformativo.com.mx\/index.php?rest_route=\/wp\/v2\/posts"}],"about":[{"href":"https:\/\/encuentroinformativo.com.mx\/index.php?rest_route=\/wp\/v2\/types\/post"}],"author":[{"embeddable":true,"href":"https:\/\/encuentroinformativo.com.mx\/index.php?rest_route=\/wp\/v2\/users\/2476"}],"replies":[{"embeddable":true,"href":"https:\/\/encuentroinformativo.com.mx\/index.php?rest_route=%2Fwp%2Fv2%2Fcomments&post=38929"}],"version-history":[{"count":1,"href":"https:\/\/encuentroinformativo.com.mx\/index.php?rest_route=\/wp\/v2\/posts\/38929\/revisions"}],"predecessor-version":[{"id":38931,"href":"https:\/\/encuentroinformativo.com.mx\/index.php?rest_route=\/wp\/v2\/posts\/38929\/revisions\/38931"}],"wp:featuredmedia":[{"embeddable":true,"href":"https:\/\/encuentroinformativo.com.mx\/index.php?rest_route=\/wp\/v2\/media\/38930"}],"wp:attachment":[{"href":"https:\/\/encuentroinformativo.com.mx\/index.php?rest_route=%2Fwp%2Fv2%2Fmedia&parent=38929"}],"wp:term":[{"taxonomy":"category","embeddable":true,"href":"https:\/\/encuentroinformativo.com.mx\/index.php?rest_route=%2Fwp%2Fv2%2Fcategories&post=38929"},{"taxonomy":"post_tag","embeddable":true,"href":"https:\/\/encuentroinformativo.com.mx\/index.php?rest_route=%2Fwp%2Fv2%2Ftags&post=38929"}],"curies":[{"name":"wp","href":"https:\/\/api.w.org\/{rel}","templated":true}]}}