{"id":38932,"date":"2023-04-06T14:22:15","date_gmt":"2023-04-06T20:22:15","guid":{"rendered":"https:\/\/encuentroinformativo.com.mx\/?p=38932"},"modified":"2023-04-06T14:22:19","modified_gmt":"2023-04-06T20:22:19","slug":"reclaman-sindicatos-pago-de-seguro-institucional","status":"publish","type":"post","link":"https:\/\/encuentroinformativo.com.mx\/?p=38932","title":{"rendered":"Reclaman sindicatos pago de seguro institucional"},"content":{"rendered":"\n<p><strong>Juan Arcos<\/strong><\/p>\n\n\n\n<p>Xalapa, Ver.- El pago de seguros institucionales contin\u00faa rezagado en el estado de Veracruz. Se habla de un adeudo que supera los mil 500 millones de pesos.<\/p>\n\n\n\n<p>As\u00ed lo dio a conocer el secretario general del Gremio Nacional de Trabajadores de la Educaci\u00f3n (GNTE), Avith Moctezuma Uscanga, quien a\u00f1adi\u00f3 que hay personas que ya procedieron legalmente para exigir la liquidaci\u00f3n del adeudo.<\/p>\n\n\n\n<p>Sin embargo, el Gremio Nacional de Trabajadores de la Educaci\u00f3n est\u00e1 a la espera de una respuesta favorable por parte de las autoridades estatales, antes de recurrir a los instrumentos legales.<\/p>\n\n\n\n<p>&#8220;Tengo conocimiento de que hay algunos compa\u00f1eros que ya est\u00e1n emprendiendo acciones legales. Nosotros estamos en espera de la respuesta que pueda dar la Secretar\u00eda de Educaci\u00f3n y las autoridades estatales\u201d, expres\u00f3.<\/p>\n\n\n\n<p>El entrevistado detall\u00f3 que el \u00faltimo \u201cabono\u201d en los pagos se efectu\u00f3 en diciembre de 2020. Esta situaci\u00f3n afecta a miles de personas en la entidad veracruzana, sobre todo a trabajadores y familiares de los empleados que son beneficiarios para el pago de los seguros mencionados.<\/p>\n\n\n\n<p>El l\u00edder sindical indic\u00f3 que contin\u00faan realizando las gestiones ante la Secretar\u00eda de Educaci\u00f3n de Veracruz (SEV) para que sean liberados los pagos correspondientes.<\/p>\n\n\n\n<p>\u201cHasta este momento ha existido la respuesta de que se va a pagar pero que est\u00e1n viendo la manera de adjudicar un presupuesto para ir avanzando en los pagos pendientes\u201d, refiri\u00f3.<\/p>\n\n\n\n<p>Las autoridades han notificado a los sindicatos que en los pr\u00f3ximos d\u00edas ser\u00eda asignado el presupuesto para el pago de los seguros institucionales en Veracruz.<\/p>\n\n\n\n<p>Cabe recordar que hace unas semanas se dio a conocer que la Secretar\u00eda de Finanzas y Planeaci\u00f3n (Sefiplan) recibi\u00f3 dos recomendaciones por parte de la Comisi\u00f3n Estatal de Derechos Humanos (CEDH) debido al retraso en pagos de seguros institucionales a beneficiarios de trabajadores de la SEV.<\/p>\n","protected":false},"excerpt":{"rendered":"<p>Juan Arcos Xalapa, Ver.- El pago de seguros institucionales contin\u00faa rezagado en el estado de Veracruz. Se habla de un adeudo que supera los mil 500 millones de pesos. As\u00ed lo dio a conocer el secretario general del Gremio Nacional de Trabajadores de la Educaci\u00f3n (GNTE), Avith Moctezuma Uscanga, quien a\u00f1adi\u00f3 que hay personas que [&hellip;]<\/p>\n","protected":false},"author":2476,"featured_media":38933,"comment_status":"open","ping_status":"open","sticky":false,"template":"","format":"standard","meta":{"_jetpack_memberships_contains_paid_content":false,"footnotes":""},"categories":[2],"tags":[],"class_list":["post-38932","post","type-post","status-publish","format-standard","has-post-thumbnail","hentry","category-estado"],"jetpack_featured_media_url":"https:\/\/encuentroinformativo.com.mx\/wp-content\/uploads\/2023\/04\/IMG_7346.jpg","jetpack_sharing_enabled":true,"jetpack_likes_enabled":true,"amp_enabled":true,"_links":{"self":[{"href":"https:\/\/encuentroinformativo.com.mx\/index.php?rest_route=\/wp\/v2\/posts\/38932","targetHints":{"allow":["GET"]}}],"collection":[{"href":"https:\/\/encuentroinformativo.com.mx\/index.php?rest_route=\/wp\/v2\/posts"}],"about":[{"href":"https:\/\/encuentroinformativo.com.mx\/index.php?rest_route=\/wp\/v2\/types\/post"}],"author":[{"embeddable":true,"href":"https:\/\/encuentroinformativo.com.mx\/index.php?rest_route=\/wp\/v2\/users\/2476"}],"replies":[{"embeddable":true,"href":"https:\/\/encuentroinformativo.com.mx\/index.php?rest_route=%2Fwp%2Fv2%2Fcomments&post=38932"}],"version-history":[{"count":1,"href":"https:\/\/encuentroinformativo.com.mx\/index.php?rest_route=\/wp\/v2\/posts\/38932\/revisions"}],"predecessor-version":[{"id":38934,"href":"https:\/\/encuentroinformativo.com.mx\/index.php?rest_route=\/wp\/v2\/posts\/38932\/revisions\/38934"}],"wp:featuredmedia":[{"embeddable":true,"href":"https:\/\/encuentroinformativo.com.mx\/index.php?rest_route=\/wp\/v2\/media\/38933"}],"wp:attachment":[{"href":"https:\/\/encuentroinformativo.com.mx\/index.php?rest_route=%2Fwp%2Fv2%2Fmedia&parent=38932"}],"wp:term":[{"taxonomy":"category","embeddable":true,"href":"https:\/\/encuentroinformativo.com.mx\/index.php?rest_route=%2Fwp%2Fv2%2Fcategories&post=38932"},{"taxonomy":"post_tag","embeddable":true,"href":"https:\/\/encuentroinformativo.com.mx\/index.php?rest_route=%2Fwp%2Fv2%2Ftags&post=38932"}],"curies":[{"name":"wp","href":"https:\/\/api.w.org\/{rel}","templated":true}]}}