{"id":38945,"date":"2023-04-07T14:06:21","date_gmt":"2023-04-07T20:06:21","guid":{"rendered":"https:\/\/encuentroinformativo.com.mx\/?p=38945"},"modified":"2023-04-07T14:06:25","modified_gmt":"2023-04-07T20:06:25","slug":"encabeza-arzobispo-viacrucis-en-xalapa","status":"publish","type":"post","link":"https:\/\/encuentroinformativo.com.mx\/?p=38945","title":{"rendered":"Encabeza Arzobispo Viacrucis en Xalapa"},"content":{"rendered":"\n<p><strong>Juan Arcos <\/strong><\/p>\n\n\n\n<p>Xalapa, Ver.- El Arzobispo de Xalapa, Jos\u00e9 Carlos Patr\u00f3n Wong, encabez\u00f3 el Viacrucis en los alrededores de la Catedral Metropolitana, con la participaci\u00f3n de decenas de feligreses.<\/p>\n\n\n\n<p>Pese a los efectos del frente fr\u00edo n\u00famero 47, la llovizna y el leve descenso de las temperaturas, los cat\u00f3licos iniciaron el recorrido alrededor de las 11:30 horas de este Viernes Santo en la zona centro de la capital veracruzana.<\/p>\n\n\n\n<p>Elementos de la Polic\u00eda Municipal, Secretar\u00eda de Seguridad P\u00fablica (SSP), Protecci\u00f3n Civil y de la Direcci\u00f3n General de Tr\u00e1nsito y Seguridad Vial (DGTSV) participaron en esta actividad como parte de la Semana Santa.<\/p>\n\n\n\n<p>La gente sali\u00f3 por la puerta principal de la Catedral y se incorpor\u00f3 a la calle Revoluci\u00f3n, para despu\u00e9s caminar sobre Benito Ju\u00e1rez, Francisco Javier Clavijero, el Viaducto del parque Ju\u00e1rez, Ignacio Zaragoza, Primo Verdad y Juan de la Luz Enr\u00edquez hasta regresar al recinto religioso.<\/p>\n\n\n\n<p>En su mensaje, el Arzobispo destac\u00f3 la importancia de la familia y de los valores que son trasmitidos en este n\u00facleo social.<\/p>\n\n\n\n<p>\u201cMirarte Jes\u00fas el traicionado, vivir contigo el momento en el que se derrumba el amor y la amistad creada en nuestra pareja, sentir en el coraz\u00f3n las heridas de la confianza traicionada, de la confianza perdida, de la seguridad desvanecida. Mirarte Jes\u00fas precisamente ahora que soy juzgado porque no recuerda el v\u00ednculo que nos un\u00eda, solo t\u00fa Jes\u00fas que puedes entenderme, me puedes dar \u00e1nimo, puedes darme palabras de verdad, incluso, si me cuesta entenderlas\u201d, expres\u00f3 el prelado.<\/p>\n\n\n\n<p>El Viacrucis se llev\u00f3 a cabo sin incidentes en el primer cuadro de la ciudad de Xalapa y dur\u00f3 poco m\u00e1s de una hora.<\/p>\n\n\n\n<p>En las iglesias son cubiertos con tela morada los crucifijos y las im\u00e1genes religiosas, como s\u00edmbolo de la ausencia de Jes\u00fas. Ser\u00e1n descubiertas el pr\u00f3ximo domingo por la resurrecci\u00f3n de Cristo.<\/p>\n\n\n\n<p>A las ocho de la noche de este viernes est\u00e1 programada la Procesi\u00f3n del Silencio, que iniciar\u00e1 en la parroquia Emperatriz de Am\u00e9rica y terminar\u00e1 en Plaza Sebasti\u00e1n Lerdo de Tejada, una actividad religiosa que es muy llamativa porque cada persona que participa porta una vela.<\/p>\n","protected":false},"excerpt":{"rendered":"<p>Juan Arcos Xalapa, Ver.- El Arzobispo de Xalapa, Jos\u00e9 Carlos Patr\u00f3n Wong, encabez\u00f3 el Viacrucis en los alrededores de la Catedral Metropolitana, con la participaci\u00f3n de decenas de feligreses. Pese a los efectos del frente fr\u00edo n\u00famero 47, la llovizna y el leve descenso de las temperaturas, los cat\u00f3licos iniciaron el recorrido alrededor de las [&hellip;]<\/p>\n","protected":false},"author":2476,"featured_media":38946,"comment_status":"open","ping_status":"open","sticky":false,"template":"","format":"standard","meta":{"_jetpack_memberships_contains_paid_content":false,"footnotes":""},"categories":[3],"tags":[],"class_list":["post-38945","post","type-post","status-publish","format-standard","has-post-thumbnail","hentry","category-xalapa"],"jetpack_featured_media_url":"https:\/\/encuentroinformativo.com.mx\/wp-content\/uploads\/2023\/04\/IMG_9669.jpg","jetpack_sharing_enabled":true,"jetpack_likes_enabled":true,"amp_enabled":true,"_links":{"self":[{"href":"https:\/\/encuentroinformativo.com.mx\/index.php?rest_route=\/wp\/v2\/posts\/38945","targetHints":{"allow":["GET"]}}],"collection":[{"href":"https:\/\/encuentroinformativo.com.mx\/index.php?rest_route=\/wp\/v2\/posts"}],"about":[{"href":"https:\/\/encuentroinformativo.com.mx\/index.php?rest_route=\/wp\/v2\/types\/post"}],"author":[{"embeddable":true,"href":"https:\/\/encuentroinformativo.com.mx\/index.php?rest_route=\/wp\/v2\/users\/2476"}],"replies":[{"embeddable":true,"href":"https:\/\/encuentroinformativo.com.mx\/index.php?rest_route=%2Fwp%2Fv2%2Fcomments&post=38945"}],"version-history":[{"count":1,"href":"https:\/\/encuentroinformativo.com.mx\/index.php?rest_route=\/wp\/v2\/posts\/38945\/revisions"}],"predecessor-version":[{"id":38947,"href":"https:\/\/encuentroinformativo.com.mx\/index.php?rest_route=\/wp\/v2\/posts\/38945\/revisions\/38947"}],"wp:featuredmedia":[{"embeddable":true,"href":"https:\/\/encuentroinformativo.com.mx\/index.php?rest_route=\/wp\/v2\/media\/38946"}],"wp:attachment":[{"href":"https:\/\/encuentroinformativo.com.mx\/index.php?rest_route=%2Fwp%2Fv2%2Fmedia&parent=38945"}],"wp:term":[{"taxonomy":"category","embeddable":true,"href":"https:\/\/encuentroinformativo.com.mx\/index.php?rest_route=%2Fwp%2Fv2%2Fcategories&post=38945"},{"taxonomy":"post_tag","embeddable":true,"href":"https:\/\/encuentroinformativo.com.mx\/index.php?rest_route=%2Fwp%2Fv2%2Ftags&post=38945"}],"curies":[{"name":"wp","href":"https:\/\/api.w.org\/{rel}","templated":true}]}}