{"id":3895,"date":"2020-07-06T14:19:17","date_gmt":"2020-07-06T19:19:17","guid":{"rendered":"https:\/\/encuentroinformativo.com\/?p=3895"},"modified":"2020-07-06T14:19:47","modified_gmt":"2020-07-06T19:19:47","slug":"por-pandemia-vendedores-del-parque-juarez-salieron-a-las-calles","status":"publish","type":"post","link":"https:\/\/encuentroinformativo.com.mx\/?p=3895","title":{"rendered":"Por pandemia, vendedores del parque Ju\u00e1rez salieron a las calles"},"content":{"rendered":"\n<p><strong>Dar\u00edo Pale <\/strong><\/p>\n\n\n\n<p>Xalapa, Ver.- Despu\u00e9s de vender por 53 a\u00f1os en el parque Ju\u00e1rez y tener tres meses sin poder hacerlo hoy tomaron la decisi\u00f3n de salir a las calles para poder ofrecer sus productos ya que no cuentan con los recursos suficientes para seguir encerrados.<\/p>\n\n\n\n<p>Entrevistado en los pasillos de conocido caf\u00e9 del centro de Xalapa, Carlos Clemente dio a conocer que desde hace tres meses no han podido generar ingresos ya que debido a la contingencia fue cerrado el parque Ju\u00e1rez y se vieron en la necesidad de salir a vender nuevamente a las calles.<\/p>\n\n\n\n<p>Dieron a conocer que por parte de las autoridades municipales solo han recibido una despensa y algunos pr\u00e9stamos, pero debido a que no est\u00e1n trabajando no tendr\u00edan c\u00f3mo pagarlo, por lo que optaron por ya no recibirlos y no endeudarse m\u00e1s.<\/p>\n\n\n\n<p>Comento qu\u00e9 de acuerdo con las autoridades \u00a0el estado de Veracruz sigue en sem\u00e1foro rojo por lo cual aun no tienen previsto alguna fecha para reabrir el parque por un largo tiempo y de ellos dependen 7 personas que actualmente no tienen ingresos.<\/p>\n\n\n\n<p>Por lo anterior se vieron en la \u00a0necesidad de salir a las calles a trabajar y ofrecer sus producto algunos sobre la calle de Enr\u00edquez , \u00darsulo Galv\u00e1n, Juarez \u00a0y calles aleda\u00f1as.<\/p>\n\n\n\n<p>Finalmente dio a conocer que tambi\u00e9n tiene servicio a domicilio en la zona centro de Xalapa para lo cual pueden hacer sus pedidos al 2288470089, donde pueden preguntar los paquetes que tienen disponibles.\u00a0<\/p>\n\n\n\n<p><\/p>\n","protected":false},"excerpt":{"rendered":"<p>Dar\u00edo Pale Xalapa, Ver.- Despu\u00e9s de vender por 53 a\u00f1os en el parque Ju\u00e1rez y tener tres meses sin poder hacerlo hoy tomaron la decisi\u00f3n de salir a las calles para poder ofrecer sus productos ya que no cuentan con los recursos suficientes para seguir encerrados. Entrevistado en los pasillos de conocido caf\u00e9 del centro [&hellip;]<\/p>\n","protected":false},"author":1,"featured_media":3896,"comment_status":"open","ping_status":"open","sticky":false,"template":"","format":"standard","meta":{"_jetpack_memberships_contains_paid_content":false,"footnotes":""},"categories":[3],"tags":[],"class_list":["post-3895","post","type-post","status-publish","format-standard","has-post-thumbnail","hentry","category-xalapa"],"jetpack_featured_media_url":"https:\/\/encuentroinformativo.com.mx\/wp-content\/uploads\/2020\/07\/78DB41E5-6011-45EA-B8FF-D2E94E1E91E4.jpeg","jetpack_sharing_enabled":true,"jetpack_likes_enabled":true,"amp_enabled":true,"_links":{"self":[{"href":"https:\/\/encuentroinformativo.com.mx\/index.php?rest_route=\/wp\/v2\/posts\/3895","targetHints":{"allow":["GET"]}}],"collection":[{"href":"https:\/\/encuentroinformativo.com.mx\/index.php?rest_route=\/wp\/v2\/posts"}],"about":[{"href":"https:\/\/encuentroinformativo.com.mx\/index.php?rest_route=\/wp\/v2\/types\/post"}],"author":[{"embeddable":true,"href":"https:\/\/encuentroinformativo.com.mx\/index.php?rest_route=\/wp\/v2\/users\/1"}],"replies":[{"embeddable":true,"href":"https:\/\/encuentroinformativo.com.mx\/index.php?rest_route=%2Fwp%2Fv2%2Fcomments&post=3895"}],"version-history":[{"count":1,"href":"https:\/\/encuentroinformativo.com.mx\/index.php?rest_route=\/wp\/v2\/posts\/3895\/revisions"}],"predecessor-version":[{"id":3897,"href":"https:\/\/encuentroinformativo.com.mx\/index.php?rest_route=\/wp\/v2\/posts\/3895\/revisions\/3897"}],"wp:featuredmedia":[{"embeddable":true,"href":"https:\/\/encuentroinformativo.com.mx\/index.php?rest_route=\/wp\/v2\/media\/3896"}],"wp:attachment":[{"href":"https:\/\/encuentroinformativo.com.mx\/index.php?rest_route=%2Fwp%2Fv2%2Fmedia&parent=3895"}],"wp:term":[{"taxonomy":"category","embeddable":true,"href":"https:\/\/encuentroinformativo.com.mx\/index.php?rest_route=%2Fwp%2Fv2%2Fcategories&post=3895"},{"taxonomy":"post_tag","embeddable":true,"href":"https:\/\/encuentroinformativo.com.mx\/index.php?rest_route=%2Fwp%2Fv2%2Ftags&post=3895"}],"curies":[{"name":"wp","href":"https:\/\/api.w.org\/{rel}","templated":true}]}}