{"id":38951,"date":"2023-04-07T14:37:07","date_gmt":"2023-04-07T20:37:07","guid":{"rendered":"https:\/\/encuentroinformativo.com.mx\/?p=38951"},"modified":"2023-04-07T14:37:11","modified_gmt":"2023-04-07T20:37:11","slug":"lluvias-dejan-afectaciones-en-martinez-y-atzalan","status":"publish","type":"post","link":"https:\/\/encuentroinformativo.com.mx\/?p=38951","title":{"rendered":"Lluvias dejan afectaciones en Mart\u00ednez y Atzalan"},"content":{"rendered":"\n<p><strong>Redacci\u00f3n<\/strong> <\/p>\n\n\n\n<p>Mart\u00ednez de la Torre, Ver.- Las lluvias de las \u00faltimas horas  han dejado al momento afectaci\u00f3n en 152 viviendas por inundaci\u00f3n en 5 colonias del municipio de Mart\u00ednez de la Torre.<\/p>\n\n\n\n<p>Las colonias afectadas son: Estudiantes, Altamirano, Las Margaritas, Ampliaci\u00f3n Arcos y Costa Esmeralda; as\u00ed como 3 comunidades Graciano S\u00e1nchez, Arroyo Fierro y Arroyo Negro ello por la corriente desbordada del arroyo Pedernales, as\u00ed como afectaci\u00f3n en la carretera Graciano S\u00e1nchez y la carretera Arroyo Fierro.<\/p>\n\n\n\n<p>De acuerdo a las autoridades de Protecci\u00f3n civil no se reportan personas lesionadas, pero se realiz\u00f3 la evacuaci\u00f3n de 24 personas, de las cuales 16 acudieron al Refugio Temporal ubicado en el preescolar Graciano S\u00e1nchez, y que ya han regresado a sus hogares.<\/p>\n\n\n\n<p>Mientras que en Atzalan se reporta afectaci\u00f3n por anegamiento en 60 viviendas en la comunidad Pedernales, as\u00ed como 7 deslaves y afectaci\u00f3n en la carretera estatal Almanza &#8211; Tierra Nueva, por la corriente desbordada del r\u00edo Pedernales.<\/p>\n","protected":false},"excerpt":{"rendered":"<p>Redacci\u00f3n Mart\u00ednez de la Torre, Ver.- Las lluvias de las \u00faltimas horas han dejado al momento afectaci\u00f3n en 152 viviendas por inundaci\u00f3n en 5 colonias del municipio de Mart\u00ednez de la Torre. Las colonias afectadas son: Estudiantes, Altamirano, Las Margaritas, Ampliaci\u00f3n Arcos y Costa Esmeralda; as\u00ed como 3 comunidades Graciano S\u00e1nchez, Arroyo Fierro y Arroyo [&hellip;]<\/p>\n","protected":false},"author":2476,"featured_media":38952,"comment_status":"open","ping_status":"open","sticky":false,"template":"","format":"standard","meta":{"_jetpack_memberships_contains_paid_content":false,"footnotes":""},"categories":[2],"tags":[],"class_list":["post-38951","post","type-post","status-publish","format-standard","has-post-thumbnail","hentry","category-estado"],"jetpack_featured_media_url":"https:\/\/encuentroinformativo.com.mx\/wp-content\/uploads\/2023\/04\/IMG-20230407-WA0007.jpg","jetpack_sharing_enabled":true,"jetpack_likes_enabled":true,"amp_enabled":true,"_links":{"self":[{"href":"https:\/\/encuentroinformativo.com.mx\/index.php?rest_route=\/wp\/v2\/posts\/38951","targetHints":{"allow":["GET"]}}],"collection":[{"href":"https:\/\/encuentroinformativo.com.mx\/index.php?rest_route=\/wp\/v2\/posts"}],"about":[{"href":"https:\/\/encuentroinformativo.com.mx\/index.php?rest_route=\/wp\/v2\/types\/post"}],"author":[{"embeddable":true,"href":"https:\/\/encuentroinformativo.com.mx\/index.php?rest_route=\/wp\/v2\/users\/2476"}],"replies":[{"embeddable":true,"href":"https:\/\/encuentroinformativo.com.mx\/index.php?rest_route=%2Fwp%2Fv2%2Fcomments&post=38951"}],"version-history":[{"count":1,"href":"https:\/\/encuentroinformativo.com.mx\/index.php?rest_route=\/wp\/v2\/posts\/38951\/revisions"}],"predecessor-version":[{"id":38953,"href":"https:\/\/encuentroinformativo.com.mx\/index.php?rest_route=\/wp\/v2\/posts\/38951\/revisions\/38953"}],"wp:featuredmedia":[{"embeddable":true,"href":"https:\/\/encuentroinformativo.com.mx\/index.php?rest_route=\/wp\/v2\/media\/38952"}],"wp:attachment":[{"href":"https:\/\/encuentroinformativo.com.mx\/index.php?rest_route=%2Fwp%2Fv2%2Fmedia&parent=38951"}],"wp:term":[{"taxonomy":"category","embeddable":true,"href":"https:\/\/encuentroinformativo.com.mx\/index.php?rest_route=%2Fwp%2Fv2%2Fcategories&post=38951"},{"taxonomy":"post_tag","embeddable":true,"href":"https:\/\/encuentroinformativo.com.mx\/index.php?rest_route=%2Fwp%2Fv2%2Ftags&post=38951"}],"curies":[{"name":"wp","href":"https:\/\/api.w.org\/{rel}","templated":true}]}}