{"id":38954,"date":"2023-04-07T17:30:03","date_gmt":"2023-04-07T23:30:03","guid":{"rendered":"https:\/\/encuentroinformativo.com.mx\/?p=38954"},"modified":"2023-04-07T17:30:07","modified_gmt":"2023-04-07T23:30:07","slug":"abarrotan-turistas-playas-de-veracruz","status":"publish","type":"post","link":"https:\/\/encuentroinformativo.com.mx\/?p=38954","title":{"rendered":"Abarrotan turistas playas de Veracruz"},"content":{"rendered":"\n<p><strong>Israel Garc\u00eda <\/strong><\/p>\n\n\n\n<p>Veracruz, Ver.- Solo Veracruz es bello, un gran n\u00famero de familias de diferentes partes del pa\u00eds y del estado visitaron las playas de nuestro estado.<\/p>\n\n\n\n<p>En el Operativo de Semana Santa participan polic\u00eda estatal, federal,\u00a0 municipal, tr\u00e1nsito y vialidad, protecci\u00f3n civil estatal y la Marina.<\/p>\n\n\n\n<p>Ni\u00f1as, NI\u00f1os, con sus mam\u00e1s, pap\u00e1s, t\u00edos, padrinos, abuelos, primos, disfrutaron del mar, no podr\u00eda faltar grupos musicales, norte\u00f1a, marimba, y jaraneros, la cerveza, el tequila no podr\u00edan faltar y la rica comida de mariscos.<\/p>\n\n\n\n<p>El personal de guardavidas, colocaron dentro del mar, ballas y banderas rojas, por la marea que esta creciendo, el d\u00eda de ayer jueves entro el frente fr\u00edo n\u00famero 47.<\/p>\n\n\n\n<figure class=\"wp-block-image size-large\"><img loading=\"lazy\" decoding=\"async\" width=\"1024\" height=\"576\" src=\"https:\/\/encuentroinformativo.com.mx\/wp-content\/uploads\/2023\/04\/Photo_1680909948625-1024x576.jpg\" alt=\"\" class=\"wp-image-38956\" srcset=\"https:\/\/encuentroinformativo.com.mx\/wp-content\/uploads\/2023\/04\/Photo_1680909948625-1024x576.jpg 1024w, https:\/\/encuentroinformativo.com.mx\/wp-content\/uploads\/2023\/04\/Photo_1680909948625-300x169.jpg 300w, https:\/\/encuentroinformativo.com.mx\/wp-content\/uploads\/2023\/04\/Photo_1680909948625-768x432.jpg 768w, https:\/\/encuentroinformativo.com.mx\/wp-content\/uploads\/2023\/04\/Photo_1680909948625.jpg 1280w\" sizes=\"auto, (max-width: 1024px) 100vw, 1024px\" \/><\/figure>\n\n\n\n<figure class=\"wp-block-image size-large\"><img loading=\"lazy\" decoding=\"async\" width=\"1024\" height=\"768\" src=\"https:\/\/encuentroinformativo.com.mx\/wp-content\/uploads\/2023\/04\/Photo_1680909975295-1024x768.jpg\" alt=\"\" class=\"wp-image-38957\" srcset=\"https:\/\/encuentroinformativo.com.mx\/wp-content\/uploads\/2023\/04\/Photo_1680909975295-1024x768.jpg 1024w, https:\/\/encuentroinformativo.com.mx\/wp-content\/uploads\/2023\/04\/Photo_1680909975295-300x225.jpg 300w, https:\/\/encuentroinformativo.com.mx\/wp-content\/uploads\/2023\/04\/Photo_1680909975295-768x576.jpg 768w, https:\/\/encuentroinformativo.com.mx\/wp-content\/uploads\/2023\/04\/Photo_1680909975295.jpg 1040w\" sizes=\"auto, (max-width: 1024px) 100vw, 1024px\" \/><\/figure>\n","protected":false},"excerpt":{"rendered":"<p>Israel Garc\u00eda Veracruz, Ver.- Solo Veracruz es bello, un gran n\u00famero de familias de diferentes partes del pa\u00eds y del estado visitaron las playas de nuestro estado. En el Operativo de Semana Santa participan polic\u00eda estatal, federal,\u00a0 municipal, tr\u00e1nsito y vialidad, protecci\u00f3n civil estatal y la Marina. Ni\u00f1as, NI\u00f1os, con sus mam\u00e1s, pap\u00e1s, t\u00edos, padrinos, [&hellip;]<\/p>\n","protected":false},"author":2476,"featured_media":38955,"comment_status":"open","ping_status":"open","sticky":false,"template":"","format":"standard","meta":{"_jetpack_memberships_contains_paid_content":false,"footnotes":""},"categories":[2],"tags":[],"class_list":["post-38954","post","type-post","status-publish","format-standard","has-post-thumbnail","hentry","category-estado"],"jetpack_featured_media_url":"https:\/\/encuentroinformativo.com.mx\/wp-content\/uploads\/2023\/04\/Photo_1680909917780.jpg","jetpack_sharing_enabled":true,"jetpack_likes_enabled":true,"amp_enabled":true,"_links":{"self":[{"href":"https:\/\/encuentroinformativo.com.mx\/index.php?rest_route=\/wp\/v2\/posts\/38954","targetHints":{"allow":["GET"]}}],"collection":[{"href":"https:\/\/encuentroinformativo.com.mx\/index.php?rest_route=\/wp\/v2\/posts"}],"about":[{"href":"https:\/\/encuentroinformativo.com.mx\/index.php?rest_route=\/wp\/v2\/types\/post"}],"author":[{"embeddable":true,"href":"https:\/\/encuentroinformativo.com.mx\/index.php?rest_route=\/wp\/v2\/users\/2476"}],"replies":[{"embeddable":true,"href":"https:\/\/encuentroinformativo.com.mx\/index.php?rest_route=%2Fwp%2Fv2%2Fcomments&post=38954"}],"version-history":[{"count":1,"href":"https:\/\/encuentroinformativo.com.mx\/index.php?rest_route=\/wp\/v2\/posts\/38954\/revisions"}],"predecessor-version":[{"id":38958,"href":"https:\/\/encuentroinformativo.com.mx\/index.php?rest_route=\/wp\/v2\/posts\/38954\/revisions\/38958"}],"wp:featuredmedia":[{"embeddable":true,"href":"https:\/\/encuentroinformativo.com.mx\/index.php?rest_route=\/wp\/v2\/media\/38955"}],"wp:attachment":[{"href":"https:\/\/encuentroinformativo.com.mx\/index.php?rest_route=%2Fwp%2Fv2%2Fmedia&parent=38954"}],"wp:term":[{"taxonomy":"category","embeddable":true,"href":"https:\/\/encuentroinformativo.com.mx\/index.php?rest_route=%2Fwp%2Fv2%2Fcategories&post=38954"},{"taxonomy":"post_tag","embeddable":true,"href":"https:\/\/encuentroinformativo.com.mx\/index.php?rest_route=%2Fwp%2Fv2%2Ftags&post=38954"}],"curies":[{"name":"wp","href":"https:\/\/api.w.org\/{rel}","templated":true}]}}