{"id":38959,"date":"2023-04-07T23:53:20","date_gmt":"2023-04-08T05:53:20","guid":{"rendered":"https:\/\/encuentroinformativo.com.mx\/?p=38959"},"modified":"2023-04-07T23:53:23","modified_gmt":"2023-04-08T05:53:23","slug":"procesion-del-silencio-en-xalapa","status":"publish","type":"post","link":"https:\/\/encuentroinformativo.com.mx\/?p=38959","title":{"rendered":"Procesi\u00f3n del Silencio en Xalapa"},"content":{"rendered":"\n<p>Xalapa, Ver.- El Arzobispo de la Arquidi\u00f3cesis de Xalapa, Jorge Carlos Patr\u00f3n Wong encabez\u00f3 la solemne Procesi\u00f3n del Silencio, cientos de xalape\u00f1os acompa\u00f1aron la imagen de la Virgen de la Dolorosa tras la muerte de su hijo Jes\u00fas.<\/p>\n\n\n\n<p>Al inicio de la procesion en total silencio solo era interrumpido por tambores qu\u00e9 acompa\u00f1aban la marcha f\u00fanebre.<\/p>\n\n\n\n<p>As\u00ed personas con veladoras en mano caminaron desde la iglesia Emperatriz de las Am\u00e9ricas hasta llegar a Plaza Lerdo donde el arzobispo emiti\u00f3 su mensaje.<\/p>\n\n\n\n<figure class=\"wp-block-image size-large\"><img loading=\"lazy\" decoding=\"async\" width=\"1024\" height=\"683\" src=\"https:\/\/encuentroinformativo.com.mx\/wp-content\/uploads\/2023\/04\/Photo_1680932928385-1024x683.jpg\" alt=\"\" class=\"wp-image-38961\" srcset=\"https:\/\/encuentroinformativo.com.mx\/wp-content\/uploads\/2023\/04\/Photo_1680932928385-1024x683.jpg 1024w, https:\/\/encuentroinformativo.com.mx\/wp-content\/uploads\/2023\/04\/Photo_1680932928385-300x200.jpg 300w, https:\/\/encuentroinformativo.com.mx\/wp-content\/uploads\/2023\/04\/Photo_1680932928385-768x512.jpg 768w, https:\/\/encuentroinformativo.com.mx\/wp-content\/uploads\/2023\/04\/Photo_1680932928385-1536x1024.jpg 1536w, https:\/\/encuentroinformativo.com.mx\/wp-content\/uploads\/2023\/04\/Photo_1680932928385.jpg 1968w\" sizes=\"auto, (max-width: 1024px) 100vw, 1024px\" \/><\/figure>\n\n\n\n<figure class=\"wp-block-image size-large\"><img loading=\"lazy\" decoding=\"async\" width=\"683\" height=\"1024\" src=\"https:\/\/encuentroinformativo.com.mx\/wp-content\/uploads\/2023\/04\/Photo_1680932953039-683x1024.jpg\" alt=\"\" class=\"wp-image-38962\" srcset=\"https:\/\/encuentroinformativo.com.mx\/wp-content\/uploads\/2023\/04\/Photo_1680932953039-683x1024.jpg 683w, https:\/\/encuentroinformativo.com.mx\/wp-content\/uploads\/2023\/04\/Photo_1680932953039-200x300.jpg 200w, https:\/\/encuentroinformativo.com.mx\/wp-content\/uploads\/2023\/04\/Photo_1680932953039-768x1152.jpg 768w, https:\/\/encuentroinformativo.com.mx\/wp-content\/uploads\/2023\/04\/Photo_1680932953039-1024x1536.jpg 1024w, https:\/\/encuentroinformativo.com.mx\/wp-content\/uploads\/2023\/04\/Photo_1680932953039.jpg 1312w\" sizes=\"auto, (max-width: 683px) 100vw, 683px\" \/><\/figure>\n\n\n\n<figure class=\"wp-block-image size-large\"><img loading=\"lazy\" decoding=\"async\" width=\"1024\" height=\"683\" src=\"https:\/\/encuentroinformativo.com.mx\/wp-content\/uploads\/2023\/04\/Photo_1680932902323-1024x683.jpg\" alt=\"\" class=\"wp-image-38963\" srcset=\"https:\/\/encuentroinformativo.com.mx\/wp-content\/uploads\/2023\/04\/Photo_1680932902323-1024x683.jpg 1024w, https:\/\/encuentroinformativo.com.mx\/wp-content\/uploads\/2023\/04\/Photo_1680932902323-300x200.jpg 300w, https:\/\/encuentroinformativo.com.mx\/wp-content\/uploads\/2023\/04\/Photo_1680932902323-768x512.jpg 768w, https:\/\/encuentroinformativo.com.mx\/wp-content\/uploads\/2023\/04\/Photo_1680932902323-1536x1024.jpg 1536w, https:\/\/encuentroinformativo.com.mx\/wp-content\/uploads\/2023\/04\/Photo_1680932902323.jpg 1968w\" sizes=\"auto, (max-width: 1024px) 100vw, 1024px\" \/><\/figure>\n\n\n\n<figure class=\"wp-block-image size-large\"><img loading=\"lazy\" decoding=\"async\" width=\"1024\" height=\"683\" src=\"https:\/\/encuentroinformativo.com.mx\/wp-content\/uploads\/2023\/04\/Photo_1680932880222-1024x683.jpg\" alt=\"\" class=\"wp-image-38964\" srcset=\"https:\/\/encuentroinformativo.com.mx\/wp-content\/uploads\/2023\/04\/Photo_1680932880222-1024x683.jpg 1024w, https:\/\/encuentroinformativo.com.mx\/wp-content\/uploads\/2023\/04\/Photo_1680932880222-300x200.jpg 300w, https:\/\/encuentroinformativo.com.mx\/wp-content\/uploads\/2023\/04\/Photo_1680932880222-768x512.jpg 768w, https:\/\/encuentroinformativo.com.mx\/wp-content\/uploads\/2023\/04\/Photo_1680932880222-1536x1024.jpg 1536w, https:\/\/encuentroinformativo.com.mx\/wp-content\/uploads\/2023\/04\/Photo_1680932880222.jpg 1968w\" sizes=\"auto, (max-width: 1024px) 100vw, 1024px\" \/><\/figure>\n","protected":false},"excerpt":{"rendered":"<p>Xalapa, Ver.- El Arzobispo de la Arquidi\u00f3cesis de Xalapa, Jorge Carlos Patr\u00f3n Wong encabez\u00f3 la solemne Procesi\u00f3n del Silencio, cientos de xalape\u00f1os acompa\u00f1aron la imagen de la Virgen de la Dolorosa tras la muerte de su hijo Jes\u00fas. Al inicio de la procesion en total silencio solo era interrumpido por tambores qu\u00e9 acompa\u00f1aban la marcha [&hellip;]<\/p>\n","protected":false},"author":2476,"featured_media":38960,"comment_status":"open","ping_status":"open","sticky":false,"template":"","format":"standard","meta":{"_jetpack_memberships_contains_paid_content":false,"footnotes":""},"categories":[3],"tags":[],"class_list":["post-38959","post","type-post","status-publish","format-standard","has-post-thumbnail","hentry","category-xalapa"],"jetpack_featured_media_url":"https:\/\/encuentroinformativo.com.mx\/wp-content\/uploads\/2023\/04\/Photo_1680932976724.jpg","jetpack_sharing_enabled":true,"jetpack_likes_enabled":true,"amp_enabled":true,"_links":{"self":[{"href":"https:\/\/encuentroinformativo.com.mx\/index.php?rest_route=\/wp\/v2\/posts\/38959","targetHints":{"allow":["GET"]}}],"collection":[{"href":"https:\/\/encuentroinformativo.com.mx\/index.php?rest_route=\/wp\/v2\/posts"}],"about":[{"href":"https:\/\/encuentroinformativo.com.mx\/index.php?rest_route=\/wp\/v2\/types\/post"}],"author":[{"embeddable":true,"href":"https:\/\/encuentroinformativo.com.mx\/index.php?rest_route=\/wp\/v2\/users\/2476"}],"replies":[{"embeddable":true,"href":"https:\/\/encuentroinformativo.com.mx\/index.php?rest_route=%2Fwp%2Fv2%2Fcomments&post=38959"}],"version-history":[{"count":1,"href":"https:\/\/encuentroinformativo.com.mx\/index.php?rest_route=\/wp\/v2\/posts\/38959\/revisions"}],"predecessor-version":[{"id":38965,"href":"https:\/\/encuentroinformativo.com.mx\/index.php?rest_route=\/wp\/v2\/posts\/38959\/revisions\/38965"}],"wp:featuredmedia":[{"embeddable":true,"href":"https:\/\/encuentroinformativo.com.mx\/index.php?rest_route=\/wp\/v2\/media\/38960"}],"wp:attachment":[{"href":"https:\/\/encuentroinformativo.com.mx\/index.php?rest_route=%2Fwp%2Fv2%2Fmedia&parent=38959"}],"wp:term":[{"taxonomy":"category","embeddable":true,"href":"https:\/\/encuentroinformativo.com.mx\/index.php?rest_route=%2Fwp%2Fv2%2Fcategories&post=38959"},{"taxonomy":"post_tag","embeddable":true,"href":"https:\/\/encuentroinformativo.com.mx\/index.php?rest_route=%2Fwp%2Fv2%2Ftags&post=38959"}],"curies":[{"name":"wp","href":"https:\/\/api.w.org\/{rel}","templated":true}]}}