{"id":38984,"date":"2023-04-09T14:01:04","date_gmt":"2023-04-09T20:01:04","guid":{"rendered":"https:\/\/encuentroinformativo.com.mx\/?p=38984"},"modified":"2023-04-09T14:01:07","modified_gmt":"2023-04-09T20:01:07","slug":"ocupa-veracruz-sexto-lugar-en-robo-de-vehiculos","status":"publish","type":"post","link":"https:\/\/encuentroinformativo.com.mx\/?p=38984","title":{"rendered":"Ocupa Veracruz sexto lugar en robo de veh\u00edculos"},"content":{"rendered":"\n<p><strong>Juan Arcos <\/strong><\/p>\n\n\n\n<p>Xalapa, Ver.- Veracruz es el sexto estado de la Rep\u00fablica Mexicana con mayor n\u00famero de robos de veh\u00edculos durante el primer trimestre de este a\u00f1o.<\/p>\n\n\n\n<p>Cabe recordar que la entidad ocup\u00f3 el quinto lugar nacional con m\u00e1s robos de veh\u00edculos cometidos durante el a\u00f1o pasado.<\/p>\n\n\n\n<p>Durante los primeros tres meses de 2023, en la entidad veracruzana se contabilizaron 34 casos: 15 en enero, 10 en febrero y nueve en marzo.<\/p>\n\n\n\n<p>Fueron hurtados 25 veh\u00edculos pesados, dos ligeros y seis particulares u otros, seg\u00fan las estad\u00edsticas de la organizaci\u00f3n mencionada.<\/p>\n\n\n\n<p>La Asociaci\u00f3n Nacional de Empresas de Rastreo y Protecci\u00f3n Vehicular (ANERPV) report\u00f3 que en lo que va de este 2023 se han registrado 836 robos de veh\u00edculos en todo el pa\u00eds.<\/p>\n\n\n\n<p>El Estado de M\u00e9xico se ubica en el primer lugar de la lista de unidades m\u00e1s siniestradas con 255 incidentes.<\/p>\n\n\n\n<p>Jalisco sigue ocupando el segundo lugar con 128 robos, seguido de Puebla con 106, y en cuarto sitio se ubica Michoac\u00e1n con 49 hurtos, as\u00ed como en el quinto Guanajuato con 41 robos.<\/p>\n\n\n\n<p>El 30 por ciento de los veh\u00edculos fueron robados en un horario de siete de la ma\u00f1ana a 12 del d\u00eda. Otro 30 por ciento fue hurtado de 12 del d\u00eda a las siete de la noche.<\/p>\n\n\n\n<p><strong>\u201cCRISTALAZOS\u201d<\/strong><br>En calles de la zona centro de Xalapa contin\u00faan registr\u00e1ndose robos a los veh\u00edculos que se encuentran estacionados en la v\u00eda p\u00fablica.<\/p>\n\n\n\n<p>Esto ocurre en las inmediaciones del Campo Deportivo Col\u00f3n, a unas cuadras de Palacio Municipal, Palacio de Gobierno y de la Torre de la Secretar\u00eda de Seguridad P\u00fablica (SSP), donde los vecinos captaron con c\u00e1maras de videovigilancia a un sujeto que ha destruido las ventanillas de los veh\u00edculos para robar los objetos de valor que se encuentran al interior.<\/p>\n\n\n\n<p>Los \u201ccristalazos\u201d se han detectado sobre las calles Ignacio Allende, Bocanegra y Dique, una zona que ha sido considerada inseguridad cerca del Paseo de los Lagos.<\/p>\n\n\n\n<p>La gente identific\u00f3 al sujeto, quien es conocido como \u201cel hijo del frutero\u201d en el bario de El Dique.<\/p>\n","protected":false},"excerpt":{"rendered":"<p>Juan Arcos Xalapa, Ver.- Veracruz es el sexto estado de la Rep\u00fablica Mexicana con mayor n\u00famero de robos de veh\u00edculos durante el primer trimestre de este a\u00f1o. Cabe recordar que la entidad ocup\u00f3 el quinto lugar nacional con m\u00e1s robos de veh\u00edculos cometidos durante el a\u00f1o pasado. Durante los primeros tres meses de 2023, en [&hellip;]<\/p>\n","protected":false},"author":2476,"featured_media":38985,"comment_status":"open","ping_status":"open","sticky":false,"template":"","format":"standard","meta":{"_jetpack_memberships_contains_paid_content":false,"footnotes":""},"categories":[2],"tags":[],"class_list":["post-38984","post","type-post","status-publish","format-standard","has-post-thumbnail","hentry","category-estado"],"jetpack_featured_media_url":"https:\/\/encuentroinformativo.com.mx\/wp-content\/uploads\/2023\/04\/f150ce7e-ee56-4273-b40a-1e4a31814baa.jpg","jetpack_sharing_enabled":true,"jetpack_likes_enabled":true,"amp_enabled":true,"_links":{"self":[{"href":"https:\/\/encuentroinformativo.com.mx\/index.php?rest_route=\/wp\/v2\/posts\/38984","targetHints":{"allow":["GET"]}}],"collection":[{"href":"https:\/\/encuentroinformativo.com.mx\/index.php?rest_route=\/wp\/v2\/posts"}],"about":[{"href":"https:\/\/encuentroinformativo.com.mx\/index.php?rest_route=\/wp\/v2\/types\/post"}],"author":[{"embeddable":true,"href":"https:\/\/encuentroinformativo.com.mx\/index.php?rest_route=\/wp\/v2\/users\/2476"}],"replies":[{"embeddable":true,"href":"https:\/\/encuentroinformativo.com.mx\/index.php?rest_route=%2Fwp%2Fv2%2Fcomments&post=38984"}],"version-history":[{"count":1,"href":"https:\/\/encuentroinformativo.com.mx\/index.php?rest_route=\/wp\/v2\/posts\/38984\/revisions"}],"predecessor-version":[{"id":38986,"href":"https:\/\/encuentroinformativo.com.mx\/index.php?rest_route=\/wp\/v2\/posts\/38984\/revisions\/38986"}],"wp:featuredmedia":[{"embeddable":true,"href":"https:\/\/encuentroinformativo.com.mx\/index.php?rest_route=\/wp\/v2\/media\/38985"}],"wp:attachment":[{"href":"https:\/\/encuentroinformativo.com.mx\/index.php?rest_route=%2Fwp%2Fv2%2Fmedia&parent=38984"}],"wp:term":[{"taxonomy":"category","embeddable":true,"href":"https:\/\/encuentroinformativo.com.mx\/index.php?rest_route=%2Fwp%2Fv2%2Fcategories&post=38984"},{"taxonomy":"post_tag","embeddable":true,"href":"https:\/\/encuentroinformativo.com.mx\/index.php?rest_route=%2Fwp%2Fv2%2Ftags&post=38984"}],"curies":[{"name":"wp","href":"https:\/\/api.w.org\/{rel}","templated":true}]}}