{"id":38987,"date":"2023-04-09T19:09:57","date_gmt":"2023-04-10T01:09:57","guid":{"rendered":"https:\/\/encuentroinformativo.com.mx\/?p=38987"},"modified":"2023-04-09T19:10:03","modified_gmt":"2023-04-10T01:10:03","slug":"se-registro-incendio-en-planta-recicladora-en-veracruz-puerto","status":"publish","type":"post","link":"https:\/\/encuentroinformativo.com.mx\/?p=38987","title":{"rendered":"Se registr\u00f3 incendio en planta recicladora en Veracruz Puerto"},"content":{"rendered":"\n<p><strong>Juan Arcos <\/strong><\/p>\n\n\n\n<p>Veracruz, Ver.- La tarde de este domingo 9 de abril se registr\u00f3 un fuerte incendio en una planta recicladora, ubicada en el puerto de Veracruz, lo que moviliz\u00f3 a los cuerpos de rescate.<\/p>\n\n\n\n<p>Los hechos ocurrieron alrededor de las 15:30 horas sobre la calle Dos Lomas, en la colonia Privanzas, cerca de la zona industrial de la ciudad de Veracruz, donde no se reportan personas lesionadas.<\/p>\n\n\n\n<p>La titular de la Secretar\u00eda de Protecci\u00f3n Civil (PC), Guadalupe Osorno Maldonado, inform\u00f3 que las fuerzas de tarea se coordinaron para controlar el fuego, mismo que se expand\u00eda r\u00e1pidamente por el viento de norte.<\/p>\n\n\n\n<p>Hasta las 18:26 horas el incendio continuaba activo, formando grandes columnas de humo en el cielo, que pod\u00edan observarse a varios kil\u00f3metros de distancia, lo que alarm\u00f3 a la poblaci\u00f3n.<\/p>\n\n\n\n<p>Las autoridades estatales reportaron el incendio como controlado y un 35 por ciento de liquidaci\u00f3n. El fuego alcanz\u00f3 un tractocami\u00f3n que se encontraba estacionado en la zona.<\/p>\n\n\n\n<p>En el operativo participan bomberos de Veracruz, Boca del R\u00edo, Medell\u00edn de Bravo y de la empresa Tenaris Tamsa, as\u00ed como elementos de la Secretar\u00eda de Seguridad P\u00fablica (SSP), Secretar\u00eda de Protecci\u00f3n Civi y Guardia Nacional.<\/p>\n\n\n\n<p>Las autoridades acordonaron el per\u00edmetro para evitar el acceso, pues el fuego segu\u00eda creciendo a pesar de las maniobras por parte de las corporaciones mencionadas.<\/p>\n\n\n\n<p>De manera extraoficial, se dio a conocer que dos bodegas chatarreras fueron consumidas por el fuego, donde se almacenaban diversos materiales de reciclaje, como cart\u00f3n.<\/p>\n\n\n\n<p>El incendio tambi\u00e9n afect\u00f3 a los lotes bald\u00edos que se encontraban en los 200 metros a la redonda de donde ocurri\u00f3 el siniestro.<\/p>\n\n\n\n<p>\u201cEl incendio sigue activo y seguir\u00e1n trabajando hasta que sea confinado, contenido y posteriormente liquidado\u201d, indic\u00f3 la Secretaria de Protecci\u00f3n Civil en Veracruz.<\/p>\n\n\n\n<figure class=\"wp-block-image size-large\"><img loading=\"lazy\" decoding=\"async\" width=\"1024\" height=\"576\" src=\"https:\/\/encuentroinformativo.com.mx\/wp-content\/uploads\/2023\/04\/f81be5c9-991f-4402-851c-dd438e1aaa2d-1024x576.jpg\" alt=\"\" class=\"wp-image-38989\" srcset=\"https:\/\/encuentroinformativo.com.mx\/wp-content\/uploads\/2023\/04\/f81be5c9-991f-4402-851c-dd438e1aaa2d-1024x576.jpg 1024w, https:\/\/encuentroinformativo.com.mx\/wp-content\/uploads\/2023\/04\/f81be5c9-991f-4402-851c-dd438e1aaa2d-300x169.jpg 300w, https:\/\/encuentroinformativo.com.mx\/wp-content\/uploads\/2023\/04\/f81be5c9-991f-4402-851c-dd438e1aaa2d-768x432.jpg 768w, https:\/\/encuentroinformativo.com.mx\/wp-content\/uploads\/2023\/04\/f81be5c9-991f-4402-851c-dd438e1aaa2d-1536x864.jpg 1536w, https:\/\/encuentroinformativo.com.mx\/wp-content\/uploads\/2023\/04\/f81be5c9-991f-4402-851c-dd438e1aaa2d.jpg 1599w\" sizes=\"auto, (max-width: 1024px) 100vw, 1024px\" \/><\/figure>\n","protected":false},"excerpt":{"rendered":"<p>Juan Arcos Veracruz, Ver.- La tarde de este domingo 9 de abril se registr\u00f3 un fuerte incendio en una planta recicladora, ubicada en el puerto de Veracruz, lo que moviliz\u00f3 a los cuerpos de rescate. Los hechos ocurrieron alrededor de las 15:30 horas sobre la calle Dos Lomas, en la colonia Privanzas, cerca de la [&hellip;]<\/p>\n","protected":false},"author":2476,"featured_media":38988,"comment_status":"open","ping_status":"open","sticky":false,"template":"","format":"standard","meta":{"_jetpack_memberships_contains_paid_content":false,"footnotes":""},"categories":[2],"tags":[],"class_list":["post-38987","post","type-post","status-publish","format-standard","has-post-thumbnail","hentry","category-estado"],"jetpack_featured_media_url":"https:\/\/encuentroinformativo.com.mx\/wp-content\/uploads\/2023\/04\/f2f150d9-a786-41c8-9a1e-2b49e417e2b5.jpg","jetpack_sharing_enabled":true,"jetpack_likes_enabled":true,"amp_enabled":true,"_links":{"self":[{"href":"https:\/\/encuentroinformativo.com.mx\/index.php?rest_route=\/wp\/v2\/posts\/38987","targetHints":{"allow":["GET"]}}],"collection":[{"href":"https:\/\/encuentroinformativo.com.mx\/index.php?rest_route=\/wp\/v2\/posts"}],"about":[{"href":"https:\/\/encuentroinformativo.com.mx\/index.php?rest_route=\/wp\/v2\/types\/post"}],"author":[{"embeddable":true,"href":"https:\/\/encuentroinformativo.com.mx\/index.php?rest_route=\/wp\/v2\/users\/2476"}],"replies":[{"embeddable":true,"href":"https:\/\/encuentroinformativo.com.mx\/index.php?rest_route=%2Fwp%2Fv2%2Fcomments&post=38987"}],"version-history":[{"count":1,"href":"https:\/\/encuentroinformativo.com.mx\/index.php?rest_route=\/wp\/v2\/posts\/38987\/revisions"}],"predecessor-version":[{"id":38990,"href":"https:\/\/encuentroinformativo.com.mx\/index.php?rest_route=\/wp\/v2\/posts\/38987\/revisions\/38990"}],"wp:featuredmedia":[{"embeddable":true,"href":"https:\/\/encuentroinformativo.com.mx\/index.php?rest_route=\/wp\/v2\/media\/38988"}],"wp:attachment":[{"href":"https:\/\/encuentroinformativo.com.mx\/index.php?rest_route=%2Fwp%2Fv2%2Fmedia&parent=38987"}],"wp:term":[{"taxonomy":"category","embeddable":true,"href":"https:\/\/encuentroinformativo.com.mx\/index.php?rest_route=%2Fwp%2Fv2%2Fcategories&post=38987"},{"taxonomy":"post_tag","embeddable":true,"href":"https:\/\/encuentroinformativo.com.mx\/index.php?rest_route=%2Fwp%2Fv2%2Ftags&post=38987"}],"curies":[{"name":"wp","href":"https:\/\/api.w.org\/{rel}","templated":true}]}}