{"id":3899,"date":"2020-07-06T15:32:11","date_gmt":"2020-07-06T20:32:11","guid":{"rendered":"https:\/\/encuentroinformativo.com\/?p=3899"},"modified":"2020-07-06T15:32:13","modified_gmt":"2020-07-06T20:32:13","slug":"despiden-al-sacerdote-vicente-condado","status":"publish","type":"post","link":"https:\/\/encuentroinformativo.com.mx\/?p=3899","title":{"rendered":"Despiden al sacerdote Vicente Condado"},"content":{"rendered":"\n<p><strong>Dar\u00edo Pale <\/strong><\/p>\n\n\n\n<p>Xalapa, Ver.- El Arzobispo Hip\u00f3lito Reyes Larios celebr\u00f3 junto con sacerdotes de la Di\u00f3cesis de Xalapa, las exequias en honor al padre Vicente Condado S\u00e1nchez, quien fuera impulsor de la construcci\u00f3n de la Bas\u00edlica Menor de Nuestra Se\u00f1ora de Guadalupe, ubicada en el barrio de El Dique.<\/p>\n\n\n\n<p>El padre Condado muri\u00f3 la ma\u00f1ana de este domingo 5 de julio a la edad de 84 a\u00f1os luego de varios padecimientos de salud, por lo que sus restos descasar\u00e1n en las catacumbas de la Catedral Metropolitana de Xalapa.<\/p>\n\n\n\n<p>El Padre Vicente Condado S\u00e1nchez era originario de Xalapa. Fue ordenado sacerdote el 22 de agosto de 1968, en Bogot\u00e1, Colombia, es recordado como una persona culta, carism\u00e1tica, atenta y servicial, conocedor de la liturgia y el arte sacro.<\/p>\n\n\n\n<p>Curs\u00f3 estudios de Humanidades en el Seminario de Xalapa, as\u00ed como sus estudios de Filosof\u00eda y Teolog\u00eda. En el a\u00f1o de 1969 fue enviado a la ciudad de Roma para hacer estudios superiores, se especializ\u00f3 en Psicolog\u00eda y Pedagog\u00eda en la Universidad Pontificia Salesiana de Roma.<\/p>\n\n\n\n<p>Fue nombrado director Espiritual del Seminario Menor el 31 Octubre 1968. El 15 de octubre de 1970 se desempe\u00f1\u00f3 como colaborador del Equipo Promotor de Vocaciones. El 24 de octubre de 1970 fue nombrado Director Espiritual del Seminario. M\u00e1s tarde, el 24 de agosto de 1974 recibi\u00f3 el nombramiento de Secretario de la Mitra. Tambi\u00e9n se desempe\u00f1\u00f3 Secretario del Seminario Mayor y Profesor.<\/p>\n\n\n\n<p>Fue nombrado capell\u00e1n de las Religiosas Agustinas Recoletas de Santa M\u00f3nica el 22 de febrero de 1972. El 22 de agosto de 1975 recibi\u00f3 el nombramiento de Vicario Auxiliar de la Parroquia de Mar\u00eda Auxiliadora en Xalapa. A partir del 1 de diciembre de 1976 se convirti\u00f3 en p\u00e1rroco de la misma comunidad.<\/p>\n\n\n\n<p>El 19 de septiembre de 1985 fue nombrado vicario Parroquial \u00a0en la catedral de Xalapa y luego, 2 a\u00f1os m\u00e1s tarde, el 9 de julio de 1987, se convirti\u00f3 en p\u00e1rroco.<\/p>\n\n\n\n<p>El 4 de enero de 1990 fue trasladado a la parroquia y Santuario de Nuestra Se\u00f1ora de Guadalupe en Xalapa donde permaneci\u00f3 hasta el 13 de octubre del 2009.<\/p>\n\n\n\n<p>Fue miembro de la Sociedad Mexicana de Liturgia. En el a\u00f1o 2000 colabor\u00f3 como director de los cursos de SOMELIT en la regi\u00f3n de Xalapa. Despu\u00e9s de un tiempo breve como Capell\u00e1n de las Madres Adoratrices de Xalapa, \u00a0pas\u00f3 los \u00faltimos a\u00f1os de su vida en su casa particular, atendiendo su estado de salud.<\/p>\n\n\n\n<p>En el 2010, la Red de Sobrevivientes de Abuso Sexual por Sacerdotes (SNAP) incluy\u00f3 al padre \u00a0Vicente Condado S\u00e1nchez en una lista de 68 presb\u00edteros cat\u00f3licos acusados de pederast\u00eda.<\/p>\n\n\n\n<p>Finalmente cabe se\u00f1alar que desde este domingo, sus restos \u00a0fueron velados en la Catedral Metropolitana de Xalapa.<\/p>\n\n\n\n<p><\/p>\n","protected":false},"excerpt":{"rendered":"<p>Dar\u00edo Pale Xalapa, Ver.- El Arzobispo Hip\u00f3lito Reyes Larios celebr\u00f3 junto con sacerdotes de la Di\u00f3cesis de Xalapa, las exequias en honor al padre Vicente Condado S\u00e1nchez, quien fuera impulsor de la construcci\u00f3n de la Bas\u00edlica Menor de Nuestra Se\u00f1ora de Guadalupe, ubicada en el barrio de El Dique. El padre Condado muri\u00f3 la ma\u00f1ana [&hellip;]<\/p>\n","protected":false},"author":1,"featured_media":3900,"comment_status":"open","ping_status":"open","sticky":false,"template":"","format":"standard","meta":{"_jetpack_memberships_contains_paid_content":false,"footnotes":""},"categories":[3],"tags":[],"class_list":["post-3899","post","type-post","status-publish","format-standard","has-post-thumbnail","hentry","category-xalapa"],"jetpack_featured_media_url":"https:\/\/encuentroinformativo.com.mx\/wp-content\/uploads\/2020\/07\/AB9BFBD4-69A0-40FF-898E-CDD52B5DCAB7.jpeg","jetpack_sharing_enabled":true,"jetpack_likes_enabled":true,"amp_enabled":true,"_links":{"self":[{"href":"https:\/\/encuentroinformativo.com.mx\/index.php?rest_route=\/wp\/v2\/posts\/3899","targetHints":{"allow":["GET"]}}],"collection":[{"href":"https:\/\/encuentroinformativo.com.mx\/index.php?rest_route=\/wp\/v2\/posts"}],"about":[{"href":"https:\/\/encuentroinformativo.com.mx\/index.php?rest_route=\/wp\/v2\/types\/post"}],"author":[{"embeddable":true,"href":"https:\/\/encuentroinformativo.com.mx\/index.php?rest_route=\/wp\/v2\/users\/1"}],"replies":[{"embeddable":true,"href":"https:\/\/encuentroinformativo.com.mx\/index.php?rest_route=%2Fwp%2Fv2%2Fcomments&post=3899"}],"version-history":[{"count":1,"href":"https:\/\/encuentroinformativo.com.mx\/index.php?rest_route=\/wp\/v2\/posts\/3899\/revisions"}],"predecessor-version":[{"id":3901,"href":"https:\/\/encuentroinformativo.com.mx\/index.php?rest_route=\/wp\/v2\/posts\/3899\/revisions\/3901"}],"wp:featuredmedia":[{"embeddable":true,"href":"https:\/\/encuentroinformativo.com.mx\/index.php?rest_route=\/wp\/v2\/media\/3900"}],"wp:attachment":[{"href":"https:\/\/encuentroinformativo.com.mx\/index.php?rest_route=%2Fwp%2Fv2%2Fmedia&parent=3899"}],"wp:term":[{"taxonomy":"category","embeddable":true,"href":"https:\/\/encuentroinformativo.com.mx\/index.php?rest_route=%2Fwp%2Fv2%2Fcategories&post=3899"},{"taxonomy":"post_tag","embeddable":true,"href":"https:\/\/encuentroinformativo.com.mx\/index.php?rest_route=%2Fwp%2Fv2%2Ftags&post=3899"}],"curies":[{"name":"wp","href":"https:\/\/api.w.org\/{rel}","templated":true}]}}