{"id":39012,"date":"2023-04-10T12:26:51","date_gmt":"2023-04-10T18:26:51","guid":{"rendered":"https:\/\/encuentroinformativo.com.mx\/?p=39012"},"modified":"2023-04-10T12:26:55","modified_gmt":"2023-04-10T18:26:55","slug":"reclaman-cafetaleros-mayores-medidas-de-regulacion","status":"publish","type":"post","link":"https:\/\/encuentroinformativo.com.mx\/?p=39012","title":{"rendered":"Reclaman cafetaleros mayores medidas de regulaci\u00f3n"},"content":{"rendered":"\n<p><strong>Dar\u00edo Pale <\/strong><\/p>\n\n\n\n<p>Xalapa, Ver.- Exigen cafetaleros al Gobierno acciones para ser m\u00e1s competitivos, plantean que debe darse coordinaci\u00f3n con otros pa\u00edses productores y establecer medidas de regulaci\u00f3n, as\u00ed lo se\u00f1alaron los representantes cafetaleros Ciro Ruiz y Fernando Celis.<\/p>\n\n\n\n<p>En conferencia de prensa demandaron medidas para tener precios del caf\u00e9 remunerativos que den m\u00e1s certidumbre a los productores.<\/p>\n\n\n\n<p>&#8220;Debe darse mayor coordinaci\u00f3n con otros pa\u00edses productores para establecer medidas de regulaci\u00f3n y tambi\u00e9n a nivel nacional para mejorar la calidad y producir tambi\u00e9n otros caf\u00e9s especiales de mayor precio&#8221;, se\u00f1al\u00f3.<\/p>\n\n\n\n<p>Adem\u00e1s, acotaron, regular el consumo nacional para que sea de un caf\u00e9 de m\u00e1s calidad y mejor preparado, y sin el uso de caf\u00e9s da\u00f1ados con saborizantes y endulzantes artificiales.<\/p>\n\n\n\n<p>&#8220;Es necesario aumentar la producci\u00f3n de caf\u00e9 y para ello debe apoyarse la renovaci\u00f3n de cafetales y el mejoramiento de la fertilizaci\u00f3n y otras labores culturales&#8221;, coment\u00f3.<\/p>\n\n\n\n<p>De manera que plantearon que se debe fortalecerse la asociaci\u00f3n de los productores de manera gremial, plural y con autonom\u00eda para mejorar la producci\u00f3n y tener una comercializaci\u00f3n directa que lleve a obtener precios justos.<\/p>\n\n\n\n<p>&#8220;Desde la sociedad y el gobierno deben reconocerse m\u00e1s los grandes beneficios ambientales que proporcionan los cultivos de caf\u00e9 con sombra en aspectos como la protecci\u00f3n a la biodiversidad y los suelos de las cuencas hidrol\u00f3gicas entre otros&#8221;, dijeron en conferencia.<\/p>\n\n\n\n<p>Por ello, indicaron que debe darse un apoyo econ\u00f3mico importante a las familias cafetaleras para sostener y mejorar esta producci\u00f3n de caf\u00e9.<\/p>\n\n\n\n<p>&#8220;<strong>Este 10 de abril debemos conmemorar que se obtuvo tierras para los campesinos a partir de una gran lucha organizada<\/strong>. Ahora, si quieren mejorar los campesinos cafetaleros tendr\u00e1n que organizarse y dar luchas muy fuertes para lograr sus demandas&#8221;, informaron.<\/p>\n\n\n\n<p>Finalmente, dieron a conocer que este 10 de abril del 2023 &#8220;es importante recordar las luchas de los campesinos zapatistas en la revoluci\u00f3n y tambi\u00e9n las luchas de lo campesinos de Veracruz junto a Ursulo Galv\u00e1n, Jos\u00e9 Cardel, Manuel Almanza, Carolino Anaya y otros, que llev\u00f3 a que se tuviera un gran reparto de tierras a los campesinos&#8221;.<\/p>\n\n\n\n<figure class=\"wp-block-image size-large\"><img loading=\"lazy\" decoding=\"async\" width=\"1024\" height=\"521\" src=\"https:\/\/encuentroinformativo.com.mx\/wp-content\/uploads\/2023\/04\/IMG-20230410-WA0035-1024x521.jpg\" alt=\"\" class=\"wp-image-39014\" srcset=\"https:\/\/encuentroinformativo.com.mx\/wp-content\/uploads\/2023\/04\/IMG-20230410-WA0035-1024x521.jpg 1024w, https:\/\/encuentroinformativo.com.mx\/wp-content\/uploads\/2023\/04\/IMG-20230410-WA0035-300x153.jpg 300w, https:\/\/encuentroinformativo.com.mx\/wp-content\/uploads\/2023\/04\/IMG-20230410-WA0035-768x391.jpg 768w, https:\/\/encuentroinformativo.com.mx\/wp-content\/uploads\/2023\/04\/IMG-20230410-WA0035.jpg 1151w\" sizes=\"auto, (max-width: 1024px) 100vw, 1024px\" \/><\/figure>\n","protected":false},"excerpt":{"rendered":"<p>Dar\u00edo Pale Xalapa, Ver.- Exigen cafetaleros al Gobierno acciones para ser m\u00e1s competitivos, plantean que debe darse coordinaci\u00f3n con otros pa\u00edses productores y establecer medidas de regulaci\u00f3n, as\u00ed lo se\u00f1alaron los representantes cafetaleros Ciro Ruiz y Fernando Celis. En conferencia de prensa demandaron medidas para tener precios del caf\u00e9 remunerativos que den m\u00e1s certidumbre a [&hellip;]<\/p>\n","protected":false},"author":2476,"featured_media":39013,"comment_status":"open","ping_status":"open","sticky":false,"template":"","format":"standard","meta":{"_jetpack_memberships_contains_paid_content":false,"footnotes":""},"categories":[2],"tags":[],"class_list":["post-39012","post","type-post","status-publish","format-standard","has-post-thumbnail","hentry","category-estado"],"jetpack_featured_media_url":"https:\/\/encuentroinformativo.com.mx\/wp-content\/uploads\/2023\/04\/IMG-20230410-WA0034.jpg","jetpack_sharing_enabled":true,"jetpack_likes_enabled":true,"amp_enabled":true,"_links":{"self":[{"href":"https:\/\/encuentroinformativo.com.mx\/index.php?rest_route=\/wp\/v2\/posts\/39012","targetHints":{"allow":["GET"]}}],"collection":[{"href":"https:\/\/encuentroinformativo.com.mx\/index.php?rest_route=\/wp\/v2\/posts"}],"about":[{"href":"https:\/\/encuentroinformativo.com.mx\/index.php?rest_route=\/wp\/v2\/types\/post"}],"author":[{"embeddable":true,"href":"https:\/\/encuentroinformativo.com.mx\/index.php?rest_route=\/wp\/v2\/users\/2476"}],"replies":[{"embeddable":true,"href":"https:\/\/encuentroinformativo.com.mx\/index.php?rest_route=%2Fwp%2Fv2%2Fcomments&post=39012"}],"version-history":[{"count":1,"href":"https:\/\/encuentroinformativo.com.mx\/index.php?rest_route=\/wp\/v2\/posts\/39012\/revisions"}],"predecessor-version":[{"id":39015,"href":"https:\/\/encuentroinformativo.com.mx\/index.php?rest_route=\/wp\/v2\/posts\/39012\/revisions\/39015"}],"wp:featuredmedia":[{"embeddable":true,"href":"https:\/\/encuentroinformativo.com.mx\/index.php?rest_route=\/wp\/v2\/media\/39013"}],"wp:attachment":[{"href":"https:\/\/encuentroinformativo.com.mx\/index.php?rest_route=%2Fwp%2Fv2%2Fmedia&parent=39012"}],"wp:term":[{"taxonomy":"category","embeddable":true,"href":"https:\/\/encuentroinformativo.com.mx\/index.php?rest_route=%2Fwp%2Fv2%2Fcategories&post=39012"},{"taxonomy":"post_tag","embeddable":true,"href":"https:\/\/encuentroinformativo.com.mx\/index.php?rest_route=%2Fwp%2Fv2%2Ftags&post=39012"}],"curies":[{"name":"wp","href":"https:\/\/api.w.org\/{rel}","templated":true}]}}