{"id":39026,"date":"2023-04-10T15:41:04","date_gmt":"2023-04-10T21:41:04","guid":{"rendered":"https:\/\/encuentroinformativo.com.mx\/?p=39026"},"modified":"2023-04-10T15:41:08","modified_gmt":"2023-04-10T21:41:08","slug":"planta-recicladora-que-se-incendio-estaba-clausurada-pma","status":"publish","type":"post","link":"https:\/\/encuentroinformativo.com.mx\/?p=39026","title":{"rendered":"Planta recicladora que se incendi\u00f3 estaba clausurada: PMA"},"content":{"rendered":"\n<p><strong>Juan Arcos <\/strong><\/p>\n\n\n\n<p>Xalapa, Ver.- La planta recicladora consumida por un incendio registrado ayer domingo 9 de abril se encontraba clausurada por incumplir con las normas ambientales y con las autorizaciones de Protecci\u00f3n Civil.<\/p>\n\n\n\n<p>La Procuradur\u00eda Estatal de Protecci\u00f3n al Medio Ambiente (PMA), a cargo de Sergio Rodr\u00edguez Cort\u00e9s, dio a conocer dicha situaci\u00f3n, luego de que el siniestro en la carretera Dos Lomas, colonia Privanzas, en el puerto de Veracruz, fuera liquidado despu\u00e9s de las 11 de la noche.<\/p>\n\n\n\n<p>En un informe, la dependencia estatal revel\u00f3 que, en noviembre de 2021, personal de la PMA realiz\u00f3 una visita de inspecci\u00f3n en el lugar, mismo que cuenta con un \u00e1rea aproximada de mil metros cuadrados.<\/p>\n\n\n\n<p>Durante estas labores se detect\u00f3 que la chatarrera solo contaba con permisos de acopio y almacenamiento, por lo que se procedi\u00f3 a su clausura.<\/p>\n\n\n\n<p>Pese a dicha situaci\u00f3n, la planta de reciclaje sigui\u00f3 operando con normalidad y por ese motivo fue clausurada nuevamente el 2 de marzo de 2022.<\/p>\n\n\n\n<p>El incendio se registr\u00f3 alrededor de las 15:30 horas del domingo en la recicladora que almacenaba pl\u00e1stico, cart\u00f3n y hasta madera.<br>Esto ocurri\u00f3 cerca de la zona industrial de la ciudad de Veracruz, donde no se reportaron personas lesionadas.<\/p>\n\n\n\n<p>De manera extraoficial, se dio a conocer que dos bodegas chatarreras fueron consumidas por el fuego.<\/p>\n","protected":false},"excerpt":{"rendered":"<p>Juan Arcos Xalapa, Ver.- La planta recicladora consumida por un incendio registrado ayer domingo 9 de abril se encontraba clausurada por incumplir con las normas ambientales y con las autorizaciones de Protecci\u00f3n Civil. La Procuradur\u00eda Estatal de Protecci\u00f3n al Medio Ambiente (PMA), a cargo de Sergio Rodr\u00edguez Cort\u00e9s, dio a conocer dicha situaci\u00f3n, luego de [&hellip;]<\/p>\n","protected":false},"author":2476,"featured_media":39027,"comment_status":"open","ping_status":"open","sticky":false,"template":"","format":"standard","meta":{"_jetpack_memberships_contains_paid_content":false,"footnotes":""},"categories":[2],"tags":[],"class_list":["post-39026","post","type-post","status-publish","format-standard","has-post-thumbnail","hentry","category-estado"],"jetpack_featured_media_url":"https:\/\/encuentroinformativo.com.mx\/wp-content\/uploads\/2023\/04\/10a6223d-2cb8-46d3-b968-b7633fdbe0e7.jpg","jetpack_sharing_enabled":true,"jetpack_likes_enabled":true,"amp_enabled":true,"_links":{"self":[{"href":"https:\/\/encuentroinformativo.com.mx\/index.php?rest_route=\/wp\/v2\/posts\/39026","targetHints":{"allow":["GET"]}}],"collection":[{"href":"https:\/\/encuentroinformativo.com.mx\/index.php?rest_route=\/wp\/v2\/posts"}],"about":[{"href":"https:\/\/encuentroinformativo.com.mx\/index.php?rest_route=\/wp\/v2\/types\/post"}],"author":[{"embeddable":true,"href":"https:\/\/encuentroinformativo.com.mx\/index.php?rest_route=\/wp\/v2\/users\/2476"}],"replies":[{"embeddable":true,"href":"https:\/\/encuentroinformativo.com.mx\/index.php?rest_route=%2Fwp%2Fv2%2Fcomments&post=39026"}],"version-history":[{"count":1,"href":"https:\/\/encuentroinformativo.com.mx\/index.php?rest_route=\/wp\/v2\/posts\/39026\/revisions"}],"predecessor-version":[{"id":39028,"href":"https:\/\/encuentroinformativo.com.mx\/index.php?rest_route=\/wp\/v2\/posts\/39026\/revisions\/39028"}],"wp:featuredmedia":[{"embeddable":true,"href":"https:\/\/encuentroinformativo.com.mx\/index.php?rest_route=\/wp\/v2\/media\/39027"}],"wp:attachment":[{"href":"https:\/\/encuentroinformativo.com.mx\/index.php?rest_route=%2Fwp%2Fv2%2Fmedia&parent=39026"}],"wp:term":[{"taxonomy":"category","embeddable":true,"href":"https:\/\/encuentroinformativo.com.mx\/index.php?rest_route=%2Fwp%2Fv2%2Fcategories&post=39026"},{"taxonomy":"post_tag","embeddable":true,"href":"https:\/\/encuentroinformativo.com.mx\/index.php?rest_route=%2Fwp%2Fv2%2Ftags&post=39026"}],"curies":[{"name":"wp","href":"https:\/\/api.w.org\/{rel}","templated":true}]}}