{"id":39033,"date":"2023-04-10T16:35:49","date_gmt":"2023-04-10T22:35:49","guid":{"rendered":"https:\/\/encuentroinformativo.com.mx\/?p=39033"},"modified":"2023-04-10T16:35:53","modified_gmt":"2023-04-10T22:35:53","slug":"buscan-que-xalapa-sea-sede-encuentro-de-basquetbol-femenil-internacional","status":"publish","type":"post","link":"https:\/\/encuentroinformativo.com.mx\/?p=39033","title":{"rendered":"Buscan que Xalapa sea sede encuentro de b\u00e1squetbol femenil internacional"},"content":{"rendered":"\n<p><strong>Dar\u00edo Pale <\/strong><\/p>\n\n\n\n<p>Xalapa, Ver.- Modesto Robledo Robledo presidente de la asociaci\u00f3n deportiva Mexicana de B\u00e1squetbol, dio a conocer que Xalapa podr\u00eda ser sede de un evento internacional de basquetbol femenil en la categor\u00eda U16 donde participar\u00edan 8 pa\u00edses.<\/p>\n\n\n\n<p>En entrevista se\u00f1al\u00f3 que, en compa\u00f1\u00eda de la diputada federal Tania Cruz Santos hablaron con el presidente municipal Ricardo Ahued Bardahuil para darle a conocer un proyecto de Basquetbol.<\/p>\n\n\n\n<p>Coment\u00f3 que primero personal de la FIBA tendr\u00eda que hacer algunas revisiones para ver la posibilidad de que Xalapa sea sede de un evento de tipo internacional de basquetbol femenil para poder impulsar el tema del empoderamiento de la mujer en este deporte.<\/p>\n\n\n\n<p>De pasar las revisiones el torneo se realizar\u00eda en el verano ya que a\u00fan faltan revisiones t\u00e9cnicas por personal de la FIBA por lo que esperan que el pr\u00f3ximo fin de semana est\u00e9n en la capital del estado.<\/p>\n\n\n\n<p>&#8220;Sabemos que Xalapa tiene una tradici\u00f3n de basquetbol del equipo que tubo un gran impulso que fueron los Halcones que fueron un referente no s\u00f3lo en M\u00e9xico si no en Am\u00e9rica y que hay una gran afici\u00f3n, adem\u00e1s de que Xalapa se ha distinguido como una ciudad deportiva&#8221;, se\u00f1al\u00f3.<\/p>\n\n\n\n<p>De llegar a concretarse estar\u00edan presentes en la categor\u00eda U16 femenil, Estados Unidos que es el campe\u00f3n del mundo, Canad\u00e1 que es cierto lugar a nivel mundial, Argentina que est\u00e1 entre los 12 del mundo, Brasil, Puerto Rico, Colombia, Rep\u00fablica Dominicana y M\u00e9xico.<\/p>\n\n\n\n<p>Son ocho pa\u00edses los que vendr\u00edan, son las primeras entrevistas pero destac\u00f3 es el positivismo del alcalde y de la diputada en hacer una sinergia con algunos patrocinadores, para que sea un proyecto integral.<\/p>\n\n\n\n<p>Finalmente dio a conocer que vendr\u00eda gente de Miami para supervisar la parte t\u00e9cnica despu\u00e9s de ello, la pr\u00f3xima semana ya tendr\u00edan una respuesta definitiva, tienen mucho inter\u00e9s que se realice en Xalapa por la gran afici\u00f3n que existe.<\/p>\n","protected":false},"excerpt":{"rendered":"<p>Dar\u00edo Pale Xalapa, Ver.- Modesto Robledo Robledo presidente de la asociaci\u00f3n deportiva Mexicana de B\u00e1squetbol, dio a conocer que Xalapa podr\u00eda ser sede de un evento internacional de basquetbol femenil en la categor\u00eda U16 donde participar\u00edan 8 pa\u00edses. En entrevista se\u00f1al\u00f3 que, en compa\u00f1\u00eda de la diputada federal Tania Cruz Santos hablaron con el presidente [&hellip;]<\/p>\n","protected":false},"author":2476,"featured_media":39034,"comment_status":"open","ping_status":"open","sticky":false,"template":"","format":"standard","meta":{"_jetpack_memberships_contains_paid_content":false,"footnotes":""},"categories":[3],"tags":[],"class_list":["post-39033","post","type-post","status-publish","format-standard","has-post-thumbnail","hentry","category-xalapa"],"jetpack_featured_media_url":"https:\/\/encuentroinformativo.com.mx\/wp-content\/uploads\/2023\/04\/IMG-20230410-WA0099.jpg","jetpack_sharing_enabled":true,"jetpack_likes_enabled":true,"amp_enabled":true,"_links":{"self":[{"href":"https:\/\/encuentroinformativo.com.mx\/index.php?rest_route=\/wp\/v2\/posts\/39033","targetHints":{"allow":["GET"]}}],"collection":[{"href":"https:\/\/encuentroinformativo.com.mx\/index.php?rest_route=\/wp\/v2\/posts"}],"about":[{"href":"https:\/\/encuentroinformativo.com.mx\/index.php?rest_route=\/wp\/v2\/types\/post"}],"author":[{"embeddable":true,"href":"https:\/\/encuentroinformativo.com.mx\/index.php?rest_route=\/wp\/v2\/users\/2476"}],"replies":[{"embeddable":true,"href":"https:\/\/encuentroinformativo.com.mx\/index.php?rest_route=%2Fwp%2Fv2%2Fcomments&post=39033"}],"version-history":[{"count":1,"href":"https:\/\/encuentroinformativo.com.mx\/index.php?rest_route=\/wp\/v2\/posts\/39033\/revisions"}],"predecessor-version":[{"id":39035,"href":"https:\/\/encuentroinformativo.com.mx\/index.php?rest_route=\/wp\/v2\/posts\/39033\/revisions\/39035"}],"wp:featuredmedia":[{"embeddable":true,"href":"https:\/\/encuentroinformativo.com.mx\/index.php?rest_route=\/wp\/v2\/media\/39034"}],"wp:attachment":[{"href":"https:\/\/encuentroinformativo.com.mx\/index.php?rest_route=%2Fwp%2Fv2%2Fmedia&parent=39033"}],"wp:term":[{"taxonomy":"category","embeddable":true,"href":"https:\/\/encuentroinformativo.com.mx\/index.php?rest_route=%2Fwp%2Fv2%2Fcategories&post=39033"},{"taxonomy":"post_tag","embeddable":true,"href":"https:\/\/encuentroinformativo.com.mx\/index.php?rest_route=%2Fwp%2Fv2%2Ftags&post=39033"}],"curies":[{"name":"wp","href":"https:\/\/api.w.org\/{rel}","templated":true}]}}