{"id":39036,"date":"2023-04-10T16:50:19","date_gmt":"2023-04-10T22:50:19","guid":{"rendered":"https:\/\/encuentroinformativo.com.mx\/?p=39036"},"modified":"2023-04-10T16:50:23","modified_gmt":"2023-04-10T22:50:23","slug":"rechaza-comision-de-busqueda-incremento-de-personas-desaparecidas","status":"publish","type":"post","link":"https:\/\/encuentroinformativo.com.mx\/?p=39036","title":{"rendered":"Rechaza Comisi\u00f3n de B\u00fasqueda incremento de personas desaparecidas"},"content":{"rendered":"\n<p><strong>Dar\u00edo Pale<\/strong><\/p>\n\n\n\n<p>Xalapa, Ver.- Rechaza Comisi\u00f3n de B\u00fasqueda incremento de desaparecidos, el reporte mensual es de 200, pero hay un 70 por ciento de localizaci\u00f3n con vida, as\u00ed lo dio a conocer la titular de la Comisi\u00f3n Estatal de B\u00fasqueda, Brenda Cer\u00f3n Chagoya.<\/p>\n\n\n\n<p>En entrevista revel\u00f3 que mensualmente hay unos 200 reportes de personas desaparecidas, pero neg\u00f3 que se haya incrementado el n\u00famero de \u00e9stas, ello a pesar de que los colectivos y familiares han venido denunciando el incremento de desapariciones, sobre todo, de menores de edad.<\/p>\n\n\n\n<p>&#8220;No, nosotros alrededor del mes, de cada mes, tenemos un porcentaje que ha sido constante en los \u00faltimos meses&#8221;, se\u00f1al\u00f3.<\/p>\n\n\n\n<p>&#8220;Podemos decir que de un a\u00f1o para ac\u00e1 hemos tenido como este ritmo de trabajo, en alrededor de 200 personas que nos reportan de manera mensual, pero tenemos tambi\u00e9n un \u00edndice alto de localizaci\u00f3n&#8221;, agreg\u00f3.<\/p>\n\n\n\n<p>En ese sentido, resalt\u00f3 que el porcentaje de localizaci\u00f3n es del 70 por ciento, de localizaci\u00f3n con vida.<\/p>\n\n\n\n<p>Reconoci\u00f3 que debido a las localizaciones de personas sin vida deber\u00e1n hacer un ajuste en sus porcentajes, para hacerlo de manera general. &#8220;No podemos decir que hay un aumento, se mantiene&#8221;, coment\u00f3.<\/p>\n\n\n\n<p>En otro orden de ideas dijo que desconoce que haya alg\u00fan reto en redes sociales en el que los j\u00f3venes desaparecen alrededor de 48 horas, dijo que no hay casos reportados no conocen el contexto, al menos no en Veracruz.<\/p>\n\n\n\n<p>Refiri\u00f3 que la semana pasada se llev\u00f3 a cabo un encuentro entre distintas comisiones de b\u00fasqueda del Pa\u00eds y no se tienen reportes de que haya sucedido alg\u00fan caso por retos en las redes sociales.<\/p>\n\n\n\n<p>Finalmente se\u00f1al\u00f3 que, &#8220;nosotros lo siempre hacemos hincapi\u00e9 es que es importante que la b\u00fasqueda se haga en las primeras horas, que las personas tengan conocimiento que se debe de buscar desde el primer momento en que se desconoce el paradero de una persona mas si es ni\u00f1o, ni\u00f1a, adolescente o una mujer&#8221;.<\/p>\n","protected":false},"excerpt":{"rendered":"<p>Dar\u00edo Pale Xalapa, Ver.- Rechaza Comisi\u00f3n de B\u00fasqueda incremento de desaparecidos, el reporte mensual es de 200, pero hay un 70 por ciento de localizaci\u00f3n con vida, as\u00ed lo dio a conocer la titular de la Comisi\u00f3n Estatal de B\u00fasqueda, Brenda Cer\u00f3n Chagoya. En entrevista revel\u00f3 que mensualmente hay unos 200 reportes de personas desaparecidas, [&hellip;]<\/p>\n","protected":false},"author":2476,"featured_media":39037,"comment_status":"open","ping_status":"open","sticky":false,"template":"","format":"standard","meta":{"_jetpack_memberships_contains_paid_content":false,"footnotes":""},"categories":[2],"tags":[],"class_list":["post-39036","post","type-post","status-publish","format-standard","has-post-thumbnail","hentry","category-estado"],"jetpack_featured_media_url":"https:\/\/encuentroinformativo.com.mx\/wp-content\/uploads\/2023\/04\/IMG-20230410-WA00832.jpg","jetpack_sharing_enabled":true,"jetpack_likes_enabled":true,"amp_enabled":true,"_links":{"self":[{"href":"https:\/\/encuentroinformativo.com.mx\/index.php?rest_route=\/wp\/v2\/posts\/39036","targetHints":{"allow":["GET"]}}],"collection":[{"href":"https:\/\/encuentroinformativo.com.mx\/index.php?rest_route=\/wp\/v2\/posts"}],"about":[{"href":"https:\/\/encuentroinformativo.com.mx\/index.php?rest_route=\/wp\/v2\/types\/post"}],"author":[{"embeddable":true,"href":"https:\/\/encuentroinformativo.com.mx\/index.php?rest_route=\/wp\/v2\/users\/2476"}],"replies":[{"embeddable":true,"href":"https:\/\/encuentroinformativo.com.mx\/index.php?rest_route=%2Fwp%2Fv2%2Fcomments&post=39036"}],"version-history":[{"count":1,"href":"https:\/\/encuentroinformativo.com.mx\/index.php?rest_route=\/wp\/v2\/posts\/39036\/revisions"}],"predecessor-version":[{"id":39038,"href":"https:\/\/encuentroinformativo.com.mx\/index.php?rest_route=\/wp\/v2\/posts\/39036\/revisions\/39038"}],"wp:featuredmedia":[{"embeddable":true,"href":"https:\/\/encuentroinformativo.com.mx\/index.php?rest_route=\/wp\/v2\/media\/39037"}],"wp:attachment":[{"href":"https:\/\/encuentroinformativo.com.mx\/index.php?rest_route=%2Fwp%2Fv2%2Fmedia&parent=39036"}],"wp:term":[{"taxonomy":"category","embeddable":true,"href":"https:\/\/encuentroinformativo.com.mx\/index.php?rest_route=%2Fwp%2Fv2%2Fcategories&post=39036"},{"taxonomy":"post_tag","embeddable":true,"href":"https:\/\/encuentroinformativo.com.mx\/index.php?rest_route=%2Fwp%2Fv2%2Ftags&post=39036"}],"curies":[{"name":"wp","href":"https:\/\/api.w.org\/{rel}","templated":true}]}}