{"id":39042,"date":"2023-04-10T17:04:35","date_gmt":"2023-04-10T23:04:35","guid":{"rendered":"https:\/\/encuentroinformativo.com.mx\/?p=39042"},"modified":"2023-04-10T17:04:39","modified_gmt":"2023-04-10T23:04:39","slug":"clausura-ayuntamiento-de-veracruz-comercio-de-ex-rey-de-carnaval","status":"publish","type":"post","link":"https:\/\/encuentroinformativo.com.mx\/?p=39042","title":{"rendered":"Clausura Ayuntamiento de Veracruz comercio de ex Rey de Carnaval"},"content":{"rendered":"\n<p><strong>Alejandro \u00c1vila<\/strong><\/p>\n\n\n\n<p><strong>Fotos: <\/strong>Carlos Navarrete\/Cortes\u00eda <\/p>\n\n\n\n<p>Veracruz, Ver.- Este lunes por la tarde el Ayuntamiento de Veracruz clausur\u00f3 la palapa Buchaca, presuntamente por no tener en regla los permisos de comercio.<\/p>\n\n\n\n<p>Este establecimiento pertenece a V\u00edctor Ren\u00e9 Morales Azamar, quien en 2019 fuera coronado con como Rey de Carnaval bajo el mote de &#8220;Buchaca I&#8221;.<\/p>\n\n\n\n<p>La clausura se da un d\u00eda despu\u00e9s de concluir la etapa de mayor afluencia tur\u00edstica durante la temporada vacacional de Semana Santa; durante la movilizaci\u00f3n el director del \u00e1rea en el Ayuntamiento dr Veracruz evit\u00f3 dar declaraciones al respecto.<\/p>\n\n\n\n<p>Es de mencionar que el pasado 4 de abril se gener\u00f3 una trifulca sobre el corredor de las playas de Villa del Mar, donde el pleito gener\u00f3 golpes entre comerciantes y turistas, estos \u00faltimos alegaban el alto costo de los productos que hab\u00edan consumido.<\/p>\n\n\n\n<p>Incluso, durante el pasado fin de semana varios turistas se quejaron de un cobro de hasta 200 pesos para poderse estacionar en la calle frente a las Palapas de Villa del Mar, aunado a ello, dijeron que les exig\u00edan un consumo m\u00ednimo en los restaurantes.<\/p>\n\n\n\n<p>De forma breve y sin dar una entrevista formal, el due\u00f1o de la palapa &#8220;Buchaca&#8221;, V\u00edctor Ren\u00e9 Morales Azamar, reconoci\u00f3 no haber refrendado los permisos y asegur\u00f3 que har\u00e1 las diligencias pertinentes para volver a abrir su comercio.<\/p>\n\n\n\n<figure class=\"wp-block-image size-large\"><img loading=\"lazy\" decoding=\"async\" width=\"1024\" height=\"576\" src=\"https:\/\/encuentroinformativo.com.mx\/wp-content\/uploads\/2023\/04\/IMG-20230410-WA0089-1024x576.jpg\" alt=\"\" class=\"wp-image-39044\" srcset=\"https:\/\/encuentroinformativo.com.mx\/wp-content\/uploads\/2023\/04\/IMG-20230410-WA0089-1024x576.jpg 1024w, https:\/\/encuentroinformativo.com.mx\/wp-content\/uploads\/2023\/04\/IMG-20230410-WA0089-300x169.jpg 300w, https:\/\/encuentroinformativo.com.mx\/wp-content\/uploads\/2023\/04\/IMG-20230410-WA0089-768x432.jpg 768w, https:\/\/encuentroinformativo.com.mx\/wp-content\/uploads\/2023\/04\/IMG-20230410-WA0089-1536x864.jpg 1536w, https:\/\/encuentroinformativo.com.mx\/wp-content\/uploads\/2023\/04\/IMG-20230410-WA0089.jpg 1599w\" sizes=\"auto, (max-width: 1024px) 100vw, 1024px\" \/><\/figure>\n","protected":false},"excerpt":{"rendered":"<p>Alejandro \u00c1vila Fotos: Carlos Navarrete\/Cortes\u00eda Veracruz, Ver.- Este lunes por la tarde el Ayuntamiento de Veracruz clausur\u00f3 la palapa Buchaca, presuntamente por no tener en regla los permisos de comercio. Este establecimiento pertenece a V\u00edctor Ren\u00e9 Morales Azamar, quien en 2019 fuera coronado con como Rey de Carnaval bajo el mote de &#8220;Buchaca I&#8221;. La [&hellip;]<\/p>\n","protected":false},"author":2476,"featured_media":39043,"comment_status":"open","ping_status":"open","sticky":false,"template":"","format":"standard","meta":{"_jetpack_memberships_contains_paid_content":false,"footnotes":""},"categories":[2],"tags":[],"class_list":["post-39042","post","type-post","status-publish","format-standard","has-post-thumbnail","hentry","category-estado"],"jetpack_featured_media_url":"https:\/\/encuentroinformativo.com.mx\/wp-content\/uploads\/2023\/04\/IMG-20230410-WA0087.jpg","jetpack_sharing_enabled":true,"jetpack_likes_enabled":true,"amp_enabled":true,"_links":{"self":[{"href":"https:\/\/encuentroinformativo.com.mx\/index.php?rest_route=\/wp\/v2\/posts\/39042","targetHints":{"allow":["GET"]}}],"collection":[{"href":"https:\/\/encuentroinformativo.com.mx\/index.php?rest_route=\/wp\/v2\/posts"}],"about":[{"href":"https:\/\/encuentroinformativo.com.mx\/index.php?rest_route=\/wp\/v2\/types\/post"}],"author":[{"embeddable":true,"href":"https:\/\/encuentroinformativo.com.mx\/index.php?rest_route=\/wp\/v2\/users\/2476"}],"replies":[{"embeddable":true,"href":"https:\/\/encuentroinformativo.com.mx\/index.php?rest_route=%2Fwp%2Fv2%2Fcomments&post=39042"}],"version-history":[{"count":1,"href":"https:\/\/encuentroinformativo.com.mx\/index.php?rest_route=\/wp\/v2\/posts\/39042\/revisions"}],"predecessor-version":[{"id":39045,"href":"https:\/\/encuentroinformativo.com.mx\/index.php?rest_route=\/wp\/v2\/posts\/39042\/revisions\/39045"}],"wp:featuredmedia":[{"embeddable":true,"href":"https:\/\/encuentroinformativo.com.mx\/index.php?rest_route=\/wp\/v2\/media\/39043"}],"wp:attachment":[{"href":"https:\/\/encuentroinformativo.com.mx\/index.php?rest_route=%2Fwp%2Fv2%2Fmedia&parent=39042"}],"wp:term":[{"taxonomy":"category","embeddable":true,"href":"https:\/\/encuentroinformativo.com.mx\/index.php?rest_route=%2Fwp%2Fv2%2Fcategories&post=39042"},{"taxonomy":"post_tag","embeddable":true,"href":"https:\/\/encuentroinformativo.com.mx\/index.php?rest_route=%2Fwp%2Fv2%2Ftags&post=39042"}],"curies":[{"name":"wp","href":"https:\/\/api.w.org\/{rel}","templated":true}]}}