{"id":39046,"date":"2023-04-10T18:24:15","date_gmt":"2023-04-11T00:24:15","guid":{"rendered":"https:\/\/encuentroinformativo.com.mx\/?p=39046"},"modified":"2023-04-10T18:24:20","modified_gmt":"2023-04-11T00:24:20","slug":"no-hubo-jalon-de-orejas-para-veracruz-afirma-delegado","status":"publish","type":"post","link":"https:\/\/encuentroinformativo.com.mx\/?p=39046","title":{"rendered":"No hubo &#8220;jal\u00f3n de orejas&#8221; para Veracruz; afirma Delegado"},"content":{"rendered":"\n<p><strong>Dar\u00edo Pale <\/strong><\/p>\n\n\n\n<p>Xalapa, Ver.- El delegado federal de los programas de Bienestar, Manuel Huerta Ladron de Guevara coment\u00f3 que el presidente de M\u00e9xico Andr\u00e9s Manuel L\u00f3pez Obrador no le jal\u00f3 las orejas al Gobernado de Veracruz, esto debido a que en la Ma\u00f1anera le preguntaron por qu\u00e9 no se ha sumado a la universalidad de pensiones para personas con discapacidad.<\/p>\n\n\n\n<p>En entrevista el delegado neg\u00f3 que el presidente le haya llamado la atenci\u00f3n o le haya jalado las orejas al gobernador Cuitl\u00e1huac Garc\u00eda Jim\u00e9nez por no sumarse al acuerdo para otorgar las pensiones universales a personas con discapacidad.<\/p>\n\n\n\n<p>Rechaz\u00f3 tambi\u00e9n que hayan quemado al gobernador veracruzano a nivel nacional, ya que, insisti\u00f3, se hacen muchas cosas en este estado, por lo que record\u00f3 que para lograr la universalidad de las pensiones los gobiernos de los estados ponen un peso por cada peso que pone la Federaci\u00f3n.<\/p>\n\n\n\n<p>Explic\u00f3 que actualmente se entregan pensiones a cien mil 90 personas con alguna discapacidad en el Estado, pero mayores de 29 a\u00f1os, no es para todos, por lo que indic\u00f3 que al cerrar el 2022 se incorporaron 7 mil 500 nuevas personas a las pensiones.<\/p>\n\n\n\n<p>&#8220;Esto quiere decir que tenemos una demanda muy fuerte porque estamos atendiendo a cien mil 90 personas con discapacidad con una derrama econ\u00f3mica de cerca de 300 millones de pesos bimestrales en todo el Estado&#8221;, se\u00f1al\u00f3.<\/p>\n\n\n\n<p>&#8220;Ahorita con base en lo que dice la Constituci\u00f3n atendemos a los mayores de 18 y las reglas de operaci\u00f3n nos permiten de 29 a\u00f1os en adelante. Para lograr la universalidad necesitamos que inviertan los gobiernos estatales&#8221;, coment\u00f3.<\/p>\n\n\n\n<p>Por \u00faltimo explic\u00f3 que es ah\u00ed donde falta sumarse Veracruz, pero asegur\u00f3 que ya desde este a\u00f1o el Gobernador quiso hacerlo, aunque tuvieron un &#8220;trab\u00f3n&#8221; de lo que quer\u00edan proponer y no se ha logrado.<\/p>\n","protected":false},"excerpt":{"rendered":"<p>Dar\u00edo Pale Xalapa, Ver.- El delegado federal de los programas de Bienestar, Manuel Huerta Ladron de Guevara coment\u00f3 que el presidente de M\u00e9xico Andr\u00e9s Manuel L\u00f3pez Obrador no le jal\u00f3 las orejas al Gobernado de Veracruz, esto debido a que en la Ma\u00f1anera le preguntaron por qu\u00e9 no se ha sumado a la universalidad de [&hellip;]<\/p>\n","protected":false},"author":2476,"featured_media":39047,"comment_status":"open","ping_status":"open","sticky":false,"template":"","format":"standard","meta":{"_jetpack_memberships_contains_paid_content":false,"footnotes":""},"categories":[2],"tags":[],"class_list":["post-39046","post","type-post","status-publish","format-standard","has-post-thumbnail","hentry","category-estado"],"jetpack_featured_media_url":"https:\/\/encuentroinformativo.com.mx\/wp-content\/uploads\/2023\/04\/IMG-20230410-WA01392.jpg","jetpack_sharing_enabled":true,"jetpack_likes_enabled":true,"amp_enabled":true,"_links":{"self":[{"href":"https:\/\/encuentroinformativo.com.mx\/index.php?rest_route=\/wp\/v2\/posts\/39046","targetHints":{"allow":["GET"]}}],"collection":[{"href":"https:\/\/encuentroinformativo.com.mx\/index.php?rest_route=\/wp\/v2\/posts"}],"about":[{"href":"https:\/\/encuentroinformativo.com.mx\/index.php?rest_route=\/wp\/v2\/types\/post"}],"author":[{"embeddable":true,"href":"https:\/\/encuentroinformativo.com.mx\/index.php?rest_route=\/wp\/v2\/users\/2476"}],"replies":[{"embeddable":true,"href":"https:\/\/encuentroinformativo.com.mx\/index.php?rest_route=%2Fwp%2Fv2%2Fcomments&post=39046"}],"version-history":[{"count":1,"href":"https:\/\/encuentroinformativo.com.mx\/index.php?rest_route=\/wp\/v2\/posts\/39046\/revisions"}],"predecessor-version":[{"id":39048,"href":"https:\/\/encuentroinformativo.com.mx\/index.php?rest_route=\/wp\/v2\/posts\/39046\/revisions\/39048"}],"wp:featuredmedia":[{"embeddable":true,"href":"https:\/\/encuentroinformativo.com.mx\/index.php?rest_route=\/wp\/v2\/media\/39047"}],"wp:attachment":[{"href":"https:\/\/encuentroinformativo.com.mx\/index.php?rest_route=%2Fwp%2Fv2%2Fmedia&parent=39046"}],"wp:term":[{"taxonomy":"category","embeddable":true,"href":"https:\/\/encuentroinformativo.com.mx\/index.php?rest_route=%2Fwp%2Fv2%2Fcategories&post=39046"},{"taxonomy":"post_tag","embeddable":true,"href":"https:\/\/encuentroinformativo.com.mx\/index.php?rest_route=%2Fwp%2Fv2%2Ftags&post=39046"}],"curies":[{"name":"wp","href":"https:\/\/api.w.org\/{rel}","templated":true}]}}