{"id":3905,"date":"2020-07-06T17:05:16","date_gmt":"2020-07-06T22:05:16","guid":{"rendered":"https:\/\/encuentroinformativo.com\/?p=3905"},"modified":"2020-07-06T17:05:18","modified_gmt":"2020-07-06T22:05:18","slug":"presume-cuitlahuac-ejecucion-de-obras-los-otros-compraban-votos-afirma","status":"publish","type":"post","link":"https:\/\/encuentroinformativo.com.mx\/?p=3905","title":{"rendered":"Presume Cuitl\u00e1huac ejecuci\u00f3n de obras; los otros compraban votos, afirma"},"content":{"rendered":"\n<p><strong>Juan Arcos <\/strong><\/p>\n\n\n\n<p>Xalapa, Ver.- El gobernador de Veracruz, Cuitl\u00e1huac Garc\u00eda Jim\u00e9nez, rindi\u00f3 un informe de seis meses de resultados durante el segundo a\u00f1o de su sexenio.<\/p>\n\n\n\n<p>El titular del Poder Ejecutivo indic\u00f3 que, pese a las dificultades que ocasion\u00f3 la pandemia del COVID-19, la entidad presenta avances importantes en materia de infraestructura.<\/p>\n\n\n\n<p>\u201cDonde otros s\u00f3lo fueron a comprar votos, nosotros fuimos a hacer obra\u201d, expres\u00f3 en el Palacio de Gobierno.<\/p>\n\n\n\n<p>En ese sentido, destac\u00f3 que se han realizado obras en las zonas norte, centro y sur del territorio estatal.<\/p>\n\n\n\n<p>Present\u00f3 fotograf\u00edas como evidencia de los trabajos que fueron llevados a cabo para beneficiar a familias veracruzanas.<\/p>\n\n\n\n<p>Adem\u00e1s de la construcci\u00f3n de nuevos caminos en zonas serranas, refiri\u00f3 que se han corregido errores en obras que hered\u00f3 el gobierno de Miguel \u00c1ngel Yunes Linares, como la reparaci\u00f3n de la carretera Xalapa-Coatepec, donde han ocurrido hasta diez accidentes en un solo d\u00eda, sobre todo cuando llueve.<\/p>\n\n\n\n<p>\u201cEsto es apenas una muestra que a trav\u00e9s de la Secretaria de Infraestructura y Obras P\u00fablicas estamos haciendo, hay que resaltar que hemos corregido errores en obras de pasadas administraciones, como la Xalapa-Coatepec\u201d, insisti\u00f3 Garc\u00eda Jim\u00e9nez.<\/p>\n\n\n\n<p>A\u00f1adi\u00f3 que en materia de educaci\u00f3n tambi\u00e9n se le ha apostado a la calidad mediante programas para garantizar espacios dignos a los estudiantes.<\/p>\n\n\n\n<p>Un ejemplo es el programa Atenci\u00f3n Prioritaria en Zonas Rurales e ind\u00edgenas con el cual se han construido aulas did\u00e1cticas, mallas perimetrales, servicios sanitarios, bebederos y accesos para estudiantes con discapacidad.<\/p>\n\n\n\n<p>Se habla de 164 planteles de 81 municipios beneficiados en todos los niveles educativos.<br>En materia de salud, indic\u00f3 que fueron rehabilitados centros de salud en distintas zonas de la entidad, para brindar un mejor servicio a la ciudadan\u00eda, como el Centro Estatal de Cancerolog\u00eda (CECAN) \u201cDoctor Miguel Dorantes Mesa\u201d, en Xalapa, y el Hospital Regional del Puerto de Veracruz.<\/p>\n\n\n\n<p>Adem\u00e1s de que se le destin\u00f3 una partida presupuestal extraordinaria a los hospitales para hacer frente a la pandemia.<\/p>\n\n\n\n<p>Tambi\u00e9n se habilitaron Centros de Atenci\u00f3n M\u00e9dica Expandida (CAME C-19): uno en el Hospital Materno Infantil de Coatzacoalcos, otro en el Vel\u00f3dromo de Xalapa y el \u00faltimo en el Centro de Raqueta en el Puerto de Veracruz.\u00a0<\/p>\n\n\n\n<p>En cuanto a la seguridad, el Gobernador de Veracruz refiri\u00f3 que se ha avanzado en la profesionalizaci\u00f3n y evaluaci\u00f3n de los polic\u00edas.<\/p>\n\n\n\n<p>Agreg\u00f3 que se cuenta con mil 293 elementos graduados y contratados, entre polic\u00edas estatales y municipales.<\/p>\n\n\n\n<p>Tambi\u00e9n subray\u00f3 que en el estado han disminuido los delitos de alto impacto, principalmente los homicidios dolosos y secuestros, con respecto a los a\u00f1os 2019 y 2018.<\/p>\n\n\n\n<p>\u201cEl homicidio doloso disminuy\u00f3 25.5 por ciento contra el mismo periodo de 2018 y 15.9 por ciento contra el mismo periodo de 2019\u201d, especific\u00f3 el mandatario estatal.\u00a0<\/p>\n\n\n\n<p><\/p>\n\n\n\n<p><\/p>\n","protected":false},"excerpt":{"rendered":"<p>Juan Arcos Xalapa, Ver.- El gobernador de Veracruz, Cuitl\u00e1huac Garc\u00eda Jim\u00e9nez, rindi\u00f3 un informe de seis meses de resultados durante el segundo a\u00f1o de su sexenio. El titular del Poder Ejecutivo indic\u00f3 que, pese a las dificultades que ocasion\u00f3 la pandemia del COVID-19, la entidad presenta avances importantes en materia de infraestructura. \u201cDonde otros s\u00f3lo [&hellip;]<\/p>\n","protected":false},"author":1,"featured_media":3906,"comment_status":"open","ping_status":"open","sticky":false,"template":"","format":"standard","meta":{"_jetpack_memberships_contains_paid_content":false,"footnotes":""},"categories":[2],"tags":[],"class_list":["post-3905","post","type-post","status-publish","format-standard","has-post-thumbnail","hentry","category-estado"],"jetpack_featured_media_url":"https:\/\/encuentroinformativo.com.mx\/wp-content\/uploads\/2020\/07\/010FFD26-4799-44FE-A382-4C18CEC3A82B.jpeg","jetpack_sharing_enabled":true,"jetpack_likes_enabled":true,"amp_enabled":true,"_links":{"self":[{"href":"https:\/\/encuentroinformativo.com.mx\/index.php?rest_route=\/wp\/v2\/posts\/3905","targetHints":{"allow":["GET"]}}],"collection":[{"href":"https:\/\/encuentroinformativo.com.mx\/index.php?rest_route=\/wp\/v2\/posts"}],"about":[{"href":"https:\/\/encuentroinformativo.com.mx\/index.php?rest_route=\/wp\/v2\/types\/post"}],"author":[{"embeddable":true,"href":"https:\/\/encuentroinformativo.com.mx\/index.php?rest_route=\/wp\/v2\/users\/1"}],"replies":[{"embeddable":true,"href":"https:\/\/encuentroinformativo.com.mx\/index.php?rest_route=%2Fwp%2Fv2%2Fcomments&post=3905"}],"version-history":[{"count":1,"href":"https:\/\/encuentroinformativo.com.mx\/index.php?rest_route=\/wp\/v2\/posts\/3905\/revisions"}],"predecessor-version":[{"id":3907,"href":"https:\/\/encuentroinformativo.com.mx\/index.php?rest_route=\/wp\/v2\/posts\/3905\/revisions\/3907"}],"wp:featuredmedia":[{"embeddable":true,"href":"https:\/\/encuentroinformativo.com.mx\/index.php?rest_route=\/wp\/v2\/media\/3906"}],"wp:attachment":[{"href":"https:\/\/encuentroinformativo.com.mx\/index.php?rest_route=%2Fwp%2Fv2%2Fmedia&parent=3905"}],"wp:term":[{"taxonomy":"category","embeddable":true,"href":"https:\/\/encuentroinformativo.com.mx\/index.php?rest_route=%2Fwp%2Fv2%2Fcategories&post=3905"},{"taxonomy":"post_tag","embeddable":true,"href":"https:\/\/encuentroinformativo.com.mx\/index.php?rest_route=%2Fwp%2Fv2%2Ftags&post=3905"}],"curies":[{"name":"wp","href":"https:\/\/api.w.org\/{rel}","templated":true}]}}