{"id":39057,"date":"2023-04-11T09:41:46","date_gmt":"2023-04-11T15:41:46","guid":{"rendered":"https:\/\/encuentroinformativo.com.mx\/?p=39057"},"modified":"2023-04-11T09:41:50","modified_gmt":"2023-04-11T15:41:50","slug":"tristeza-por-un-coatzacoalcos-que-se-pudre","status":"publish","type":"post","link":"https:\/\/encuentroinformativo.com.mx\/?p=39057","title":{"rendered":"TRISTEZA POR UN COATZACOALCOS QUE SE PUDRE"},"content":{"rendered":"\n<p><strong>ColumnaSinNombre<br>@pablojair<\/strong><\/p>\n\n\n\n<ul class=\"wp-block-list\"><li>Los m\u00e1s felices por lo del INE son los pri\u00edstas.<\/li><li>Cuitl\u00e1huac se pitorrea de Monreal, &#8220;El Protector&#8221;.<\/li><li>Buenos n\u00fameros para turismo.<\/li><\/ul>\n\n\n\n<p>Es mentira, hay m\u00e1s ahogados en Semana Santa\u2026 pero de &#8220;p2&#8221;<br>&#8211;Chopenjawer<\/p>\n\n\n\n<p>No hace mucho, un amigo me platicaba que unos t\u00edos se hab\u00edan ido de su querido Coatzacoalcos (entiendo que con mucho pesar) porque ya no aguantaban la extorsi\u00f3n que les hac\u00edan a sus negocios.<\/p>\n\n\n\n<p>&#8220;De plano cerraron y mejor se fueron a Veracruz&#8221;, me dijo.<\/p>\n\n\n\n<p>No es la primera vez que escucho eso. Son varios los que de plano sucumbieron a la delincuencia y prefirieron cerrar la cortina. No hab\u00eda mucho qu\u00e9 hacer porque la misma polic\u00eda estaba involucrada: las denuncias, aunque obligadas, eran en vano.<\/p>\n\n\n\n<p>Otro amigo me contaba que hasta a los locatarios de comida en los mercados (que viven pr\u00e1cticamente al d\u00eda) tambi\u00e9n les cay\u00f3 la &#8220;ma\u00f1a&#8221; para pedirles derecho de piso.<\/p>\n\n\n\n<p>Es verdad es doloroso ver c\u00f3mo Coatzacoalcos se ha ido hundiendo en los \u00faltimos a\u00f1os: negocios cerrados, un malec\u00f3n con varios edificios abandonados y pocos comercios, muy diferente al que vivimos hace un poco m\u00e1s de dos d\u00e9cadas. No queda nada de ese Coatza que era tranquilo para ir a rolar y que ten\u00eda el malec\u00f3n (de las Escolleras hasta Iquisa) repleto de gente.<\/p>\n\n\n\n<p>Seg\u00fan su servidor, todo el declive empez\u00f3 cuando en tiempos de T\u00edo Fide y Calder\u00f3n se les meti\u00f3 la idea de que no se pod\u00eda tomar al aire libre (una tradici\u00f3n muy com\u00fan el malec\u00f3n de Coatza y en algunas calles de Minatitl\u00e1n) y obligaban a la gente a ir a los antros por mayor &#8220;seguridad&#8221;, cuando en realidad lo que estaban haciendo era llevar \u2014por disposici\u00f3n oficial\u2014 a los potenciales consumidores de drogas hacia los centros de vicio.<\/p>\n\n\n\n<p>De ah\u00ed, la violencia por la plaza y los negocios hartos conocidos de la delincuencia organizada que se retrataba con la &#8220;socialit\u00e9&#8221; de Coatza (como el caso del Comandante H, jefe de plaza de Los Zetas, con integrantes de la familia Chagra, muy apapachados en el Fidelato), pero nadie dec\u00eda nada y todo mundo lo celebraba como algo normal.<\/p>\n\n\n\n<p>Hasta en planas de peri\u00f3dicos sal\u00edan, porque las redes sociales estaban en pa\u00f1ales.<\/p>\n\n\n\n<p>Quien quiz\u00e1s tambi\u00e9n arruin\u00f3 a Coatza fue el suegro inc\u00f3modo de Javier Duarte, Antonio Mac\u00edas Yazegey (conocido como Tony Mac\u00edas), quien hizo y deshizo en el municipio con la protecci\u00f3n hasta de 20 guaruras. En ese entonces, al se\u00f1or lo veneraban y le daban hasta trato de empresario de alt\u00edsimo nivel\u2026 Saliendo Duarte del poder, lo primero que hizo fue esconderse y solicitar amparos.<\/p>\n\n\n\n<p>Todos estos excesos resumidos derivaron en que la votaci\u00f3n del puerto se volcara con una votaci\u00f3n masiva a favor de Morena. Coatza qued\u00f3 muy dolido de las \u00e9pocas de Fidel y Duarte, y con Yunes de plano no se hizo nada o se hizo poco, como quedar en rid\u00edculo en un video viral cuando el entonces secretario de la Defensa Nacional, Salvador Cienfuegos, evidenci\u00f3 en un ret\u00e9n que se estaban dejando pasar taxis sin placas en las narices de la autoridad.<\/p>\n\n\n\n<p>No obstante, el primer gobierno municipal de Morena encabezado por V\u00edctor Carranza fue gris, intrascendente y siguieron problemas de servicios b\u00e1sicos del municipio y el problema del cobro de piso y la extorsi\u00f3n. Lo que s\u00ed &#8211;hay qu\u00e9 decirlo&#8211; es que redujeron los secuestros, que estaban a la orden del d\u00eda.<\/p>\n\n\n\n<p>Lo anterior no por m\u00e9rito municipal (Carranza era un cero a la izquierda), sino porque entraron de lleno el Gobierno del Estado y las fuerzas federales a aplacar a los grupos delincuenciales.<\/p>\n\n\n\n<p>Ahora con Amado Cruz Malpica como presidente municipal se esperaba una mejor administraci\u00f3n, sobre todo porque le toc\u00f3 la post-pandemia y la urgente recuperaci\u00f3n econ\u00f3mica del puerto, pero s\u00f3lo un ejemplo como el del abandonado malec\u00f3n muestra lo que verdaderamente est\u00e1 pasando en Coatzacoalcos.<\/p>\n\n\n\n<p>S\u00ed, ayer presumieron que ten\u00edan chorrocientos mil visitantes en la ExpoFeria, como si eso fuera un gran m\u00e9rito del gobierno: esa convocatoria es nom\u00e1s del cantante de m\u00fasica popular Juli\u00f3n \u00c1lvarez y nadie m\u00e1s. Es el mismo pueblo que acudi\u00f3 desde horas antes para esperar a su \u00eddolo, pero que se queja de esperar 60 minutos en el Seguro Social.<\/p>\n\n\n\n<p>\u00bfY de qu\u00e9 sirvi\u00f3 &#8220;cararear&#8221; el chorro de gente en la ExpoFeria? Si al ratito la nota que realmente destac\u00f3 &#8211;para mal de Coatza&#8211; es que un antro llamado &#8220;Rome&#8221; (por cierto, muy sospechoso, con todo el estilo de los malandros) estuvo trabajando hasta altas horas de la ma\u00f1ana usando carriles del malec\u00f3n; y cuando esto fue denunciado por el periodista Sendic Aguire, de inmediato lo mandaron a golpear mientras transmit\u00eda en vivo.<\/p>\n\n\n\n<p>\u00bfY los polic\u00edas? \u00bfY los marinos? \u00bfY todos esos que dicen que cuidan y se toman la foto oficial quesque porque van a proteger a la gente en Semana Santa? \u00bfA poco no estaban viendo el desmadre del antro en el malec\u00f3n hasta las horas de la ma\u00f1ana, con ri\u00f1as y toda la cosa? \u00bfPues de qui\u00e9n es el antro que protegen o hacen de la vista gorda?<\/p>\n\n\n\n<p>Digo, no hay que ser genios para decir que evidentemente hay una protecci\u00f3n pol\u00edtica-policiaca a este tugurio para que le dejen usar el malec\u00f3n como si fuese de su propiedad, sin restricciones de horario.<\/p>\n\n\n\n<p>\u00bfO a poco ya hay nuevos due\u00f1os de plaza en Coatza bajo los colores de Morena?<\/p>\n\n\n\n<p>Bien lo dice mi querida MaryLolita Zavaleta (abrazo, chula), en su feis, sobre la agresi\u00f3n al periodista: &#8220;Est\u00e1 muy bonito eso de la diversi\u00f3n y la reactivaci\u00f3n econ\u00f3mica que tanta falta le hac\u00eda a la ciudad, pero no a costa de pasarse las leyes por donde se les antoja\u2026 De entrada, tengo entendido (corr\u00edjanme si me equivoco) que los permisos para venta de alcohol y espect\u00e1culos en la playa eran hasta las 3:00 am\u2026 \u00bfPor qu\u00e9 un bar que no tiene ni un mes de inaugurado puede seguir operando tranquilamente hasta las 8:00 am? \u00bfD\u00f3nde est\u00e1n las autoridades de Comercio para regular esta situaci\u00f3n? Porque el ayuntamiento cobr\u00f3 y los permisos baratos no estaban\u2026 \u00bfNo se supone que hab\u00eda un operativo en el que desplegaron 350 elementos de seguridad municipal y estatal que incluyen a agentes de Tr\u00e1nsito? \u00bfO nada m\u00e1s los juntaron para la foto del arranque del operativo? Porque en ning\u00fan momento se ve presencia policial en la transmisi\u00f3n. \u00bfPor qu\u00e9 les permiten obstruir (adem\u00e1s de la banqueta), dos de los tres carriles de circulaci\u00f3n vehicular sobre el malec\u00f3n?\u2026. Adem\u00e1s de que es un claro atentado al libre ejercicio period\u00edstico, estamos hablando de que este par de sujetos pudo salir a golpear a cualquiera de los presentes que estuviera grabando o tomando fotos EN LA V\u00cdA P\u00daBLICA\u2026 Veracruz sigue siendo uno de los estados m\u00e1s peligrosos para ejercer el periodismo en nuestro pa\u00eds y es indignante que estas cosas sigan pasando porque ESTO SE PUDO EVITAR si tan s\u00f3lo se aplicara la ley y las autoridades hicieran su trabajo como corresponde\u2026 Me da gusto saber que hay denuncia formal, esperemos que no haya impunidad y sobre todo, que LAS INSTANCIAS CORRESPONDIENTES LE BRINDEN SEGURIDAD A \u00c9L Y A TODOS LOS PERIODISTAS que d\u00eda a d\u00eda salen a arriesgar su integridad por mantenernos informados&#8221;.<\/p>\n\n\n\n<p>Qu\u00e9 tristeza por Coatzacoalcos, el lugar que tiene hasta hoteles cerrados en plena playa y en Semana Santa. Que pena por los comercios de anta\u00f1o que se pudren por el salitre\u2026<\/p>\n\n\n\n<p>\u00a1Ah, pero tuvieron a Juli\u00f3n!\u2026 \u00a1N\u2019mbre, qu\u00e9 alivio!<\/p>\n\n\n\n<p><strong>NOTA PARA PEGAR EN EL REFRI: <\/strong>Cuentan desde la C\u00e1mara de Diputados que quienes realmente est\u00e1n bien contentos con la insaculaci\u00f3n que se hizo de los consejeros del INE son los del PRI, pues de los los 20 que quedaron &#8211;de 2 mil que se inscribieron&#8211; por lo menos 14 estaban plenamente identificados con la oposici\u00f3n; y de los cuatro que finalmente fueron escogidos s\u00f3lo uno est\u00e1 plenamente identificado con Morena, dos son pri\u00edstas y la presidenta la identifican con una mezcla rara entre PRD, Morena Y PRI\u2026 El PAN ni toc\u00f3 baranda, por eso andaban chillando\u2026 Ora s\u00ed que vaya suerte, pero en una de esas entraba otro Lorenzo C\u00f3rdova.<\/p>\n\n\n\n<p><strong>OTRA NOTA: <\/strong>&#8220;El Senado no tiene por qu\u00e9 actuar protegiendo a nadie, el que nada debe nada teme as\u00ed que no tengo ning\u00fan problema yo, y la fiscal me ha expresado lo mismo; lo que sucede es que se ha utilizado de manera politiquera por los adversarios porque no hicieron nada contra un gobernador que ten\u00eda orden de aprehensi\u00f3n por un Juez Federal y desaforado por el Congreso de la Uni\u00f3n\u2026 Ahora con este cuento de que va a comparecer el Gobernador llevan un buen rato; ahora va a ser una comisi\u00f3n patito plus; ya ni siquiera se atreven a hacerla porque no respetan los reglamentos internos del Senado para sesionar. Aqu\u00ed estoy, no me ha llegado ning\u00fan citatorio; no obstante, los medios lo utilizan nuestros adversarios para golpetear&#8221;, as\u00ed contest\u00f3 el gobernador Cuitl\u00e1huac al presidente del Senado, \u201cRucardo Munrreal\u201d, quien ahora resulta tiene facultades de &#8220;protecci\u00f3n al mejor postor&#8221;\u2026 No succione, senador, plis. Esas son en Acayucan.<\/p>\n\n\n\n<p><strong>LA \u00daLTIMA PORQUE HAY QUE IR A PAGAR LA LUZ:<\/strong> Lo coment\u00f3 el secre de Turismo de Veracruz, Iv\u00e1n Mart\u00ednez Olvera: al t\u00e9rmino de la primera semana de vacaciones de la Semana Santa 2023 se registr\u00f3 la visita de 2 millones 250 mil 346 turistas, que generaron una derrama econ\u00f3mica por 2 mil 822 millones 329 mil 85 pesos. Este dato ya super\u00f3 los resultados por un 151 por ciento, en comparaci\u00f3n del 2022 donde se lograron mil 122 millones 388 mil 982 pesos\u2026 Adem\u00e1s, la SECTUR celebra que este 2023 los resultados triplicaron lo obtenido en el 2019 (\u00faltimo a\u00f1o previo a la pandemia de Covid 19). En arribo de visitantes Veracruz creci\u00f3 219 por ciento y en derrama econ\u00f3mica, el crecimiento es casi del 300 por ciento; en ese a\u00f1o solo se alcanzaron 755 millones de pesos\u2026 Por cierto, hasta ayer se contabilizaban s\u00f3lo 3 ahogados; dos de ellos, por no atender las recomendaciones de que si toma, no maneje ni se meta al mar o al r\u00edo\u2026 Diosito los tenga en su santa gloria.<\/p>\n","protected":false},"excerpt":{"rendered":"<p>ColumnaSinNombre@pablojair Los m\u00e1s felices por lo del INE son los pri\u00edstas. Cuitl\u00e1huac se pitorrea de Monreal, &#8220;El Protector&#8221;. Buenos n\u00fameros para turismo. Es mentira, hay m\u00e1s ahogados en Semana Santa\u2026 pero de &#8220;p2&#8221;&#8211;Chopenjawer No hace mucho, un amigo me platicaba que unos t\u00edos se hab\u00edan ido de su querido Coatzacoalcos (entiendo que con mucho pesar) [&hellip;]<\/p>\n","protected":false},"author":2476,"featured_media":488,"comment_status":"open","ping_status":"open","sticky":false,"template":"","format":"standard","meta":{"_jetpack_memberships_contains_paid_content":false,"footnotes":""},"categories":[11],"tags":[],"class_list":["post-39057","post","type-post","status-publish","format-standard","has-post-thumbnail","hentry","category-opinion"],"jetpack_featured_media_url":"https:\/\/encuentroinformativo.com.mx\/wp-content\/uploads\/2020\/03\/F471F608-BA1A-416B-BA7B-BCFB24F4E6D0.jpeg","jetpack_sharing_enabled":true,"jetpack_likes_enabled":true,"amp_enabled":true,"_links":{"self":[{"href":"https:\/\/encuentroinformativo.com.mx\/index.php?rest_route=\/wp\/v2\/posts\/39057","targetHints":{"allow":["GET"]}}],"collection":[{"href":"https:\/\/encuentroinformativo.com.mx\/index.php?rest_route=\/wp\/v2\/posts"}],"about":[{"href":"https:\/\/encuentroinformativo.com.mx\/index.php?rest_route=\/wp\/v2\/types\/post"}],"author":[{"embeddable":true,"href":"https:\/\/encuentroinformativo.com.mx\/index.php?rest_route=\/wp\/v2\/users\/2476"}],"replies":[{"embeddable":true,"href":"https:\/\/encuentroinformativo.com.mx\/index.php?rest_route=%2Fwp%2Fv2%2Fcomments&post=39057"}],"version-history":[{"count":1,"href":"https:\/\/encuentroinformativo.com.mx\/index.php?rest_route=\/wp\/v2\/posts\/39057\/revisions"}],"predecessor-version":[{"id":39058,"href":"https:\/\/encuentroinformativo.com.mx\/index.php?rest_route=\/wp\/v2\/posts\/39057\/revisions\/39058"}],"wp:featuredmedia":[{"embeddable":true,"href":"https:\/\/encuentroinformativo.com.mx\/index.php?rest_route=\/wp\/v2\/media\/488"}],"wp:attachment":[{"href":"https:\/\/encuentroinformativo.com.mx\/index.php?rest_route=%2Fwp%2Fv2%2Fmedia&parent=39057"}],"wp:term":[{"taxonomy":"category","embeddable":true,"href":"https:\/\/encuentroinformativo.com.mx\/index.php?rest_route=%2Fwp%2Fv2%2Fcategories&post=39057"},{"taxonomy":"post_tag","embeddable":true,"href":"https:\/\/encuentroinformativo.com.mx\/index.php?rest_route=%2Fwp%2Fv2%2Ftags&post=39057"}],"curies":[{"name":"wp","href":"https:\/\/api.w.org\/{rel}","templated":true}]}}