{"id":39066,"date":"2023-04-11T11:36:14","date_gmt":"2023-04-11T17:36:14","guid":{"rendered":"https:\/\/encuentroinformativo.com.mx\/?p=39066"},"modified":"2023-04-11T11:36:18","modified_gmt":"2023-04-11T17:36:18","slug":"esperan-15-mil-visitantes-en-la-feria-de-altotonga","status":"publish","type":"post","link":"https:\/\/encuentroinformativo.com.mx\/?p=39066","title":{"rendered":"Esperan 15 mil visitantes en la Feria de Altotonga"},"content":{"rendered":"\n<p><strong>Juan Arcos <\/strong><\/p>\n\n\n\n<p>Xalapa, Ver.- Se espera una derrama econ\u00f3mica de 5 millones de pesos y la llegada de m\u00e1s de 15 mil visitantes durante la Feria de Altotonga 2023.<\/p>\n\n\n\n<p>As\u00ed lo dio a conocer el alcalde de Altotonga, Ignacio Morales Guevara, en conferencia de prensa, que se llev\u00f3 a cabo la ma\u00f1ana de este martes 11 de abril en esta ciudad de Xalapa.<\/p>\n\n\n\n<p>El edil expres\u00f3 que el evento se realizar\u00e1 del 29 de abril al 5 de mayo en dicho municipio, ubicado a solo 50 minutos de distancia de la ciudad de Xalapa.<\/p>\n\n\n\n<p>Se contar\u00e1 con la presencia de artistas de talla nacional e internacional, como los cantantes Mar\u00eda Le\u00f3n, el 29 de abril; Alejandro R\u00edos, \u201cEl Komander\u201d, el 1 de mayo; y el trovador Alejandro Filio, el 4 de mayo, por mencionar algunos.<\/p>\n\n\n\n<p>Todos los eventos culturales y art\u00edsticos ser\u00e1n gratuitos y se realizar\u00e1n en el Teatro del Pueblo, a un costado de Palacio Municipal.<\/p>\n\n\n\n<p>\u201cVamos a cerrar con un baile el 5 de mayo con el grupo Yaguar\u00fa. Vamos a esperar la llegada de visitantes de municipios circunvecinos\u201d, enfatiz\u00f3.<\/p>\n\n\n\n<p>Ignacio Morales tambi\u00e9n enfatiz\u00f3 que se trabaja en mejorar los accesos al municipio y garantizar la seguridad de pobladores y turistas.<\/p>\n","protected":false},"excerpt":{"rendered":"<p>Juan Arcos Xalapa, Ver.- Se espera una derrama econ\u00f3mica de 5 millones de pesos y la llegada de m\u00e1s de 15 mil visitantes durante la Feria de Altotonga 2023. As\u00ed lo dio a conocer el alcalde de Altotonga, Ignacio Morales Guevara, en conferencia de prensa, que se llev\u00f3 a cabo la ma\u00f1ana de este martes [&hellip;]<\/p>\n","protected":false},"author":2476,"featured_media":39067,"comment_status":"open","ping_status":"open","sticky":false,"template":"","format":"standard","meta":{"_jetpack_memberships_contains_paid_content":false,"footnotes":""},"categories":[8],"tags":[],"class_list":["post-39066","post","type-post","status-publish","format-standard","has-post-thumbnail","hentry","category-region"],"jetpack_featured_media_url":"https:\/\/encuentroinformativo.com.mx\/wp-content\/uploads\/2023\/04\/IMG_99212.jpg","jetpack_sharing_enabled":true,"jetpack_likes_enabled":true,"amp_enabled":true,"_links":{"self":[{"href":"https:\/\/encuentroinformativo.com.mx\/index.php?rest_route=\/wp\/v2\/posts\/39066","targetHints":{"allow":["GET"]}}],"collection":[{"href":"https:\/\/encuentroinformativo.com.mx\/index.php?rest_route=\/wp\/v2\/posts"}],"about":[{"href":"https:\/\/encuentroinformativo.com.mx\/index.php?rest_route=\/wp\/v2\/types\/post"}],"author":[{"embeddable":true,"href":"https:\/\/encuentroinformativo.com.mx\/index.php?rest_route=\/wp\/v2\/users\/2476"}],"replies":[{"embeddable":true,"href":"https:\/\/encuentroinformativo.com.mx\/index.php?rest_route=%2Fwp%2Fv2%2Fcomments&post=39066"}],"version-history":[{"count":1,"href":"https:\/\/encuentroinformativo.com.mx\/index.php?rest_route=\/wp\/v2\/posts\/39066\/revisions"}],"predecessor-version":[{"id":39068,"href":"https:\/\/encuentroinformativo.com.mx\/index.php?rest_route=\/wp\/v2\/posts\/39066\/revisions\/39068"}],"wp:featuredmedia":[{"embeddable":true,"href":"https:\/\/encuentroinformativo.com.mx\/index.php?rest_route=\/wp\/v2\/media\/39067"}],"wp:attachment":[{"href":"https:\/\/encuentroinformativo.com.mx\/index.php?rest_route=%2Fwp%2Fv2%2Fmedia&parent=39066"}],"wp:term":[{"taxonomy":"category","embeddable":true,"href":"https:\/\/encuentroinformativo.com.mx\/index.php?rest_route=%2Fwp%2Fv2%2Fcategories&post=39066"},{"taxonomy":"post_tag","embeddable":true,"href":"https:\/\/encuentroinformativo.com.mx\/index.php?rest_route=%2Fwp%2Fv2%2Ftags&post=39066"}],"curies":[{"name":"wp","href":"https:\/\/api.w.org\/{rel}","templated":true}]}}