{"id":39075,"date":"2023-04-11T13:48:34","date_gmt":"2023-04-11T19:48:34","guid":{"rendered":"https:\/\/encuentroinformativo.com.mx\/?p=39075"},"modified":"2023-04-11T13:48:38","modified_gmt":"2023-04-11T19:48:38","slug":"convocan-al-maraton-atenas-veracruzana","status":"publish","type":"post","link":"https:\/\/encuentroinformativo.com.mx\/?p=39075","title":{"rendered":"Convocan al marat\u00f3n Atenas Veracruzana"},"content":{"rendered":"\n<p><strong>Dar\u00edo Pale <\/strong><\/p>\n\n\n\n<p>Xalapa, Ver.- Sergio V\u00e1zquez Jim\u00e9nez, presidente del comit\u00e9 organizador invit\u00f3 a la ciudadan\u00eda ya que el pr\u00f3ximo domingo 23 de abril se llevar\u00e1 a cabo la cuarta edici\u00f3n del Marat\u00f3n Atenas Veracruzana, competencia de 42 kil\u00f3metros cuya ruta comprender\u00e1 diferentes calles de Xalapa.\u00a0<\/p>\n\n\n\n<p>En conferencia de prensa el comit\u00e9 organizador hizo la presentaci\u00f3n oficial de la medalla y la playera de la competencia, donde habr\u00e1 tambi\u00e9n un medio marat\u00f3n y dos trayectos de 10 y 5 kil\u00f3metros. \u00a0<\/p>\n\n\n\n<p>Dio a conocer que el precio \u00a0es de 680 pesos, el costo del medio marat\u00f3n es de 500 pesos, mientras que en las distancias de 10 y 5 kil\u00f3metros la inscripci\u00f3n es de 280 pesos.\u00a0<\/p>\n\n\n\n<p>Personas mayores de 60 a\u00f1os que deseen inscribirse tendr\u00e1n un descuento del 50 por ciento en cualquiera de las distancias, y el s\u00e1bado 22 de abril ser\u00e1 el Marat\u00f3n Kids, competencia que estar\u00e1 dedicada a ni\u00f1os y que ser\u00e1 gratuita en el Estadio Heriberto Jara Corona.\u00a0<\/p>\n\n\n\n<p>El Marat\u00f3n Atenas Veracruzana manifest\u00f3 que las inscripciones siguen abiertas y se pueden realizar en la p\u00e1gina de internet\u00a0<a rel=\"noreferrer noopener\" href=\"http:\/\/www.mavxalapa.com\/\" target=\"_blank\">www.mavxalapa.com<\/a>; se espera la participaci\u00f3n de m\u00e1s de mil 800 corredores.<\/p>\n\n\n\n<p>Las vialidades que comprender\u00e1n la ruta del marat\u00f3n ser\u00e1n vigiladas y bloqueadas por tramos, contando con la asistencia de m\u00e1s de cien elementos de la Polic\u00eda y Tr\u00e1nsito Municipal, Protecci\u00f3n Civil Municipal y Estatal, Tr\u00e1nsito del Estado.<\/p>\n\n\n\n<p>Por \u00faltimo se\u00f1al\u00f3 que tambi\u00e9n habr\u00e1 param\u00e9dicos de corporaciones de emergencias que estar\u00e1n desplegados en diferentes puestos de control de salud.<\/p>\n","protected":false},"excerpt":{"rendered":"<p>Dar\u00edo Pale Xalapa, Ver.- Sergio V\u00e1zquez Jim\u00e9nez, presidente del comit\u00e9 organizador invit\u00f3 a la ciudadan\u00eda ya que el pr\u00f3ximo domingo 23 de abril se llevar\u00e1 a cabo la cuarta edici\u00f3n del Marat\u00f3n Atenas Veracruzana, competencia de 42 kil\u00f3metros cuya ruta comprender\u00e1 diferentes calles de Xalapa.\u00a0 En conferencia de prensa el comit\u00e9 organizador hizo la presentaci\u00f3n [&hellip;]<\/p>\n","protected":false},"author":2476,"featured_media":39076,"comment_status":"open","ping_status":"open","sticky":false,"template":"","format":"standard","meta":{"_jetpack_memberships_contains_paid_content":false,"footnotes":""},"categories":[3],"tags":[],"class_list":["post-39075","post","type-post","status-publish","format-standard","has-post-thumbnail","hentry","category-xalapa"],"jetpack_featured_media_url":"https:\/\/encuentroinformativo.com.mx\/wp-content\/uploads\/2023\/04\/IMG-20230411-WA00602.jpg","jetpack_sharing_enabled":true,"jetpack_likes_enabled":true,"amp_enabled":true,"_links":{"self":[{"href":"https:\/\/encuentroinformativo.com.mx\/index.php?rest_route=\/wp\/v2\/posts\/39075","targetHints":{"allow":["GET"]}}],"collection":[{"href":"https:\/\/encuentroinformativo.com.mx\/index.php?rest_route=\/wp\/v2\/posts"}],"about":[{"href":"https:\/\/encuentroinformativo.com.mx\/index.php?rest_route=\/wp\/v2\/types\/post"}],"author":[{"embeddable":true,"href":"https:\/\/encuentroinformativo.com.mx\/index.php?rest_route=\/wp\/v2\/users\/2476"}],"replies":[{"embeddable":true,"href":"https:\/\/encuentroinformativo.com.mx\/index.php?rest_route=%2Fwp%2Fv2%2Fcomments&post=39075"}],"version-history":[{"count":1,"href":"https:\/\/encuentroinformativo.com.mx\/index.php?rest_route=\/wp\/v2\/posts\/39075\/revisions"}],"predecessor-version":[{"id":39077,"href":"https:\/\/encuentroinformativo.com.mx\/index.php?rest_route=\/wp\/v2\/posts\/39075\/revisions\/39077"}],"wp:featuredmedia":[{"embeddable":true,"href":"https:\/\/encuentroinformativo.com.mx\/index.php?rest_route=\/wp\/v2\/media\/39076"}],"wp:attachment":[{"href":"https:\/\/encuentroinformativo.com.mx\/index.php?rest_route=%2Fwp%2Fv2%2Fmedia&parent=39075"}],"wp:term":[{"taxonomy":"category","embeddable":true,"href":"https:\/\/encuentroinformativo.com.mx\/index.php?rest_route=%2Fwp%2Fv2%2Fcategories&post=39075"},{"taxonomy":"post_tag","embeddable":true,"href":"https:\/\/encuentroinformativo.com.mx\/index.php?rest_route=%2Fwp%2Fv2%2Ftags&post=39075"}],"curies":[{"name":"wp","href":"https:\/\/api.w.org\/{rel}","templated":true}]}}