{"id":39078,"date":"2023-04-11T13:53:53","date_gmt":"2023-04-11T19:53:53","guid":{"rendered":"https:\/\/encuentroinformativo.com.mx\/?p=39078"},"modified":"2023-04-11T13:53:58","modified_gmt":"2023-04-11T19:53:58","slug":"llaman-a-donar-para-ninos-que-recibiran-trasplante-de-medula-osea","status":"publish","type":"post","link":"https:\/\/encuentroinformativo.com.mx\/?p=39078","title":{"rendered":"Llaman a donar para ni\u00f1os que recibir\u00e1n trasplante de m\u00e9dula \u00f3sea"},"content":{"rendered":"\n<p><strong>Dar\u00edo Pale <\/strong><\/p>\n\n\n\n<p>Xalapa, Ver.- Siete ni\u00f1os veracruzanos listos para trasplante de m\u00e9dula \u00f3sea, por lo que hacen un llamado a la sociedad a donar efectivo y en especie, as\u00ed lo dio a conocer Elia Beltr\u00e1n Coronel, directora general de la Fundaci\u00f3n Lepach.<\/p>\n\n\n\n<p>En conferencia de prensa se\u00f1al\u00f3 que en este momento hay siete ni\u00f1os de diversas partes del Estado que est\u00e1n esperando un trasplante de m\u00e9dula \u00f3sea en el Centro Estatal de Cancerolog\u00eda &#8220;Dr. Miguel Dorantes Mesa&#8221; (Cecan).<\/p>\n\n\n\n<p>Inform\u00f3 lo anterior y solicit\u00f3 la colaboraci\u00f3n de la sociedad para recaudar recursos econ\u00f3micos, ya que posterior a la cirug\u00eda de trasplante se deben ir a la &#8220;casa puente&#8221; en donde deben permanecer tres meses junto con sus familiares.<\/p>\n\n\n\n<p>De suerte que necesitan unos 30 mil pesos mensuales porque se trata de una necesidad constante para la &#8220;casa puente&#8221;, explic\u00f3 que requieren recursos para pasajes, alimentos de los pacientes y sus familiares.<\/p>\n\n\n\n<p>Esta es la quinta ocasi\u00f3n que instalan la Casa Puente que es un sitio que debe estar sumamente sanitizado, no debe tener polvo, no debe tener elementos que pudieran generar alguna infecci\u00f3n, pero su objetivo es que sea permanente con el apoyo de la sociedad.\u00a0<\/p>\n\n\n\n<p>A lo largo de los 17 a\u00f1os de la Fundaci\u00f3n han logrado apoyar a unos 300 ni\u00f1os y ni\u00f1as, por lo que llaman a los ciudadanos a que se sumen a apoyar de manera econ\u00f3mica, pero tambi\u00e9n en especie.<\/p>\n\n\n\n<p>Por su parte, Fernanda Beltr\u00e1n, presidenta de la Fundaci\u00f3n, invit\u00f3 a un desfile de modas en una de las plazas de esta capital, este viernes, en tanto que el 30 de abril se llevar\u00e1 a cabo un evento con causa que tendr\u00e1 un costo de 150 pesos y que servir\u00e1n para donarlos para el Fondo de Trasplante de M\u00e9dula.<\/p>\n\n\n\n<p>Finalmente dijo que para mayor informaci\u00f3n sobre los eventos, las personas pueden consultar las redes sociales de la Fundaci\u00f3n.<\/p>\n","protected":false},"excerpt":{"rendered":"<p>Dar\u00edo Pale Xalapa, Ver.- Siete ni\u00f1os veracruzanos listos para trasplante de m\u00e9dula \u00f3sea, por lo que hacen un llamado a la sociedad a donar efectivo y en especie, as\u00ed lo dio a conocer Elia Beltr\u00e1n Coronel, directora general de la Fundaci\u00f3n Lepach. En conferencia de prensa se\u00f1al\u00f3 que en este momento hay siete ni\u00f1os de [&hellip;]<\/p>\n","protected":false},"author":2476,"featured_media":39079,"comment_status":"open","ping_status":"open","sticky":false,"template":"","format":"standard","meta":{"_jetpack_memberships_contains_paid_content":false,"footnotes":""},"categories":[9],"tags":[],"class_list":["post-39078","post","type-post","status-publish","format-standard","has-post-thumbnail","hentry","category-salud"],"jetpack_featured_media_url":"https:\/\/encuentroinformativo.com.mx\/wp-content\/uploads\/2023\/04\/IMG-20230411-WA00662.jpg","jetpack_sharing_enabled":true,"jetpack_likes_enabled":true,"amp_enabled":true,"_links":{"self":[{"href":"https:\/\/encuentroinformativo.com.mx\/index.php?rest_route=\/wp\/v2\/posts\/39078","targetHints":{"allow":["GET"]}}],"collection":[{"href":"https:\/\/encuentroinformativo.com.mx\/index.php?rest_route=\/wp\/v2\/posts"}],"about":[{"href":"https:\/\/encuentroinformativo.com.mx\/index.php?rest_route=\/wp\/v2\/types\/post"}],"author":[{"embeddable":true,"href":"https:\/\/encuentroinformativo.com.mx\/index.php?rest_route=\/wp\/v2\/users\/2476"}],"replies":[{"embeddable":true,"href":"https:\/\/encuentroinformativo.com.mx\/index.php?rest_route=%2Fwp%2Fv2%2Fcomments&post=39078"}],"version-history":[{"count":1,"href":"https:\/\/encuentroinformativo.com.mx\/index.php?rest_route=\/wp\/v2\/posts\/39078\/revisions"}],"predecessor-version":[{"id":39080,"href":"https:\/\/encuentroinformativo.com.mx\/index.php?rest_route=\/wp\/v2\/posts\/39078\/revisions\/39080"}],"wp:featuredmedia":[{"embeddable":true,"href":"https:\/\/encuentroinformativo.com.mx\/index.php?rest_route=\/wp\/v2\/media\/39079"}],"wp:attachment":[{"href":"https:\/\/encuentroinformativo.com.mx\/index.php?rest_route=%2Fwp%2Fv2%2Fmedia&parent=39078"}],"wp:term":[{"taxonomy":"category","embeddable":true,"href":"https:\/\/encuentroinformativo.com.mx\/index.php?rest_route=%2Fwp%2Fv2%2Fcategories&post=39078"},{"taxonomy":"post_tag","embeddable":true,"href":"https:\/\/encuentroinformativo.com.mx\/index.php?rest_route=%2Fwp%2Fv2%2Ftags&post=39078"}],"curies":[{"name":"wp","href":"https:\/\/api.w.org\/{rel}","templated":true}]}}