{"id":39083,"date":"2023-04-11T11:28:53","date_gmt":"2023-04-11T17:28:53","guid":{"rendered":"https:\/\/encuentroinformativo.com.mx\/?p=39083"},"modified":"2023-04-11T15:31:08","modified_gmt":"2023-04-11T21:31:08","slug":"alcaldesa-de-veracruz-confirma-cambio-de-mando-en-policia-naval","status":"publish","type":"post","link":"https:\/\/encuentroinformativo.com.mx\/?p=39083","title":{"rendered":"Alcaldesa de Veracruz confirma cambio de mando en Polic\u00eda Naval"},"content":{"rendered":"\n<p><strong>Alejandro \u00c1vila<\/strong><\/p>\n\n\n\n<p>Veracruz, Ver.- La alcaldesa de Veracruz, Patricia Lobeira Rodr\u00edguez confirm\u00f3 que la ma\u00f1ana de este martes se tom\u00f3 protesta al nuevo Mando Naval de la Polic\u00eda en las instalaciones de Playa Linda.<\/p>\n\n\n\n<p>La presidenta municipal dijo que se trata de Egner Hern\u00e1ndez, qui\u00e9n a partir de este 11 de abril quedar\u00e1 al mando de la coordinaci\u00f3n de la seguridad en la zona conurbada Veracruz &#8211; Boca del R\u00edo.<\/p>\n\n\n\n<p>&#8220;Realmente le damos la bienvenida, aqu\u00ed en Veracruz fue el cambio de Mando de Armas y estoy segura que vamos a continuar trabajando coordinadamente con todas las fuerzas, tanto federales como estatales&#8221;, mencion\u00f3.<\/p>\n\n\n\n<p>Durante la Semana Santa 2023 la Secretar\u00eda de Marina despleg\u00f3 un total de mil elementos tan solo en la zona conurbada Veracruz &#8211; Boca del R\u00edo, esta zona tur\u00edstica fue la m\u00e1s concurrida en la entidad veracruzana; ante ello, la edil panista resalt\u00f3 el trabajo realizado por los cuerpos del orden, quienes lograron concretar el saldo blanco que se ten\u00eda planeado desde un inicio.<\/p>\n\n\n\n<p>&#8220;Muy agradecidos despu\u00e9s de todo el trabajo que se llev\u00f3 a cabo en este operativo Semana Santa, en donde logramos nosotros ofrecer al turismo y a los locales un fin de semana en paz, con estabilidad, con seguridad, y tuvimos saldo blanco que para nosotros es algo muy importante. Y tambi\u00e9n que contrasta con algunas otras ciudades en las cuales se vieron algunos actos de violencia, y bueno, pues en Veracruz y en la zona conurbada de Boca del R\u00edo, tuvimos una semana santa tranquila y en paz&#8221;, remat\u00f3.<\/p>\n","protected":false},"excerpt":{"rendered":"<p>Alejandro \u00c1vila Veracruz, Ver.- La alcaldesa de Veracruz, Patricia Lobeira Rodr\u00edguez confirm\u00f3 que la ma\u00f1ana de este martes se tom\u00f3 protesta al nuevo Mando Naval de la Polic\u00eda en las instalaciones de Playa Linda. La presidenta municipal dijo que se trata de Egner Hern\u00e1ndez, qui\u00e9n a partir de este 11 de abril quedar\u00e1 al mando [&hellip;]<\/p>\n","protected":false},"author":2476,"featured_media":39084,"comment_status":"open","ping_status":"open","sticky":false,"template":"","format":"standard","meta":{"_jetpack_memberships_contains_paid_content":false,"footnotes":""},"categories":[2],"tags":[],"class_list":["post-39083","post","type-post","status-publish","format-standard","has-post-thumbnail","hentry","category-estado"],"jetpack_featured_media_url":"https:\/\/encuentroinformativo.com.mx\/wp-content\/uploads\/2023\/04\/IMG-20230411-WA00832.jpg","jetpack_sharing_enabled":true,"jetpack_likes_enabled":true,"amp_enabled":true,"_links":{"self":[{"href":"https:\/\/encuentroinformativo.com.mx\/index.php?rest_route=\/wp\/v2\/posts\/39083","targetHints":{"allow":["GET"]}}],"collection":[{"href":"https:\/\/encuentroinformativo.com.mx\/index.php?rest_route=\/wp\/v2\/posts"}],"about":[{"href":"https:\/\/encuentroinformativo.com.mx\/index.php?rest_route=\/wp\/v2\/types\/post"}],"author":[{"embeddable":true,"href":"https:\/\/encuentroinformativo.com.mx\/index.php?rest_route=\/wp\/v2\/users\/2476"}],"replies":[{"embeddable":true,"href":"https:\/\/encuentroinformativo.com.mx\/index.php?rest_route=%2Fwp%2Fv2%2Fcomments&post=39083"}],"version-history":[{"count":1,"href":"https:\/\/encuentroinformativo.com.mx\/index.php?rest_route=\/wp\/v2\/posts\/39083\/revisions"}],"predecessor-version":[{"id":39085,"href":"https:\/\/encuentroinformativo.com.mx\/index.php?rest_route=\/wp\/v2\/posts\/39083\/revisions\/39085"}],"wp:featuredmedia":[{"embeddable":true,"href":"https:\/\/encuentroinformativo.com.mx\/index.php?rest_route=\/wp\/v2\/media\/39084"}],"wp:attachment":[{"href":"https:\/\/encuentroinformativo.com.mx\/index.php?rest_route=%2Fwp%2Fv2%2Fmedia&parent=39083"}],"wp:term":[{"taxonomy":"category","embeddable":true,"href":"https:\/\/encuentroinformativo.com.mx\/index.php?rest_route=%2Fwp%2Fv2%2Fcategories&post=39083"},{"taxonomy":"post_tag","embeddable":true,"href":"https:\/\/encuentroinformativo.com.mx\/index.php?rest_route=%2Fwp%2Fv2%2Ftags&post=39083"}],"curies":[{"name":"wp","href":"https:\/\/api.w.org\/{rel}","templated":true}]}}