{"id":39086,"date":"2023-04-11T16:14:25","date_gmt":"2023-04-11T22:14:25","guid":{"rendered":"https:\/\/encuentroinformativo.com.mx\/?p=39086"},"modified":"2023-04-11T16:14:30","modified_gmt":"2023-04-11T22:14:30","slug":"mas-de-100-municipios-carecen-de-casa-de-cultura-ivec","status":"publish","type":"post","link":"https:\/\/encuentroinformativo.com.mx\/?p=39086","title":{"rendered":"M\u00e1s de 100 municipios carecen de casa de cultura: IVEC"},"content":{"rendered":"\n<p><strong>Juan Arcos <\/strong><\/p>\n\n\n\n<p>Xalapa, Ver.- La directora general del Instituto Veracruzano de la Cultura (IVEC), Silvia Alejandre Prado, se\u00f1al\u00f3 que algunos ayuntamientos no muestran inter\u00e9s ni voluntad para la apertura de casas de cultura en un mayor n\u00famero de municipios.<\/p>\n\n\n\n<p>En la actualidad hay 110 casas de cultura en el mismo n\u00famero de municipios; sin embargo, est\u00e1 pendiente la apertura de estos espacios en 102 ayuntamientos.<\/p>\n\n\n\n<p>&#8220;Las casas de cultura dependen de los ayuntamientos, nosotros les acompa\u00f1amos en los procesos de capacitaci\u00f3n, de aplicaci\u00f3n de proyectos, estamos todo el tiempo en contacto con los ayuntamientos\u201d, expres\u00f3.<\/p>\n\n\n\n<p>La funcionaria estatal indic\u00f3 que quienes tienen inter\u00e9s en abrir su casa de cultura ya cuentan con un inmueble y el presupuesto que van a invertir.<\/p>\n\n\n\n<p>\u201cA los alcaldes los invito a que este sea su legado, que sean recordados porque dejaron un espacio destinado al desarrollo cultural de su municipio\u201d, a\u00f1adi\u00f3.<\/p>\n\n\n\n<p>Alejandre Prado enfatiz\u00f3 que cada municipio debe contar con voluntad pol\u00edtica para destinar recursos econ\u00f3micos a la promoci\u00f3n y difusi\u00f3n de la cultural.<\/p>\n\n\n\n<p>Sin embargo, reconoci\u00f3 que hay municipios peque\u00f1os que tienen una menor recaudaci\u00f3n de fondos y eso dificulta que inyecten un presupuesto al tema cultural.<\/p>\n\n\n\n<p>\u201cM\u00e1s bien es un tema de voluntad pol\u00edtica y de recursos\u201d, enfatiz\u00f3 la Directora General del Instituto Veracruzano de la Cultura.<\/p>\n\n\n\n<p>Cabe recordar que Xalapa se promueve como una ciudad con riqueza cultural y art\u00edstica; sin embargo, carece de una Casa de Cultura.<\/p>\n","protected":false},"excerpt":{"rendered":"<p>Juan Arcos Xalapa, Ver.- La directora general del Instituto Veracruzano de la Cultura (IVEC), Silvia Alejandre Prado, se\u00f1al\u00f3 que algunos ayuntamientos no muestran inter\u00e9s ni voluntad para la apertura de casas de cultura en un mayor n\u00famero de municipios. En la actualidad hay 110 casas de cultura en el mismo n\u00famero de municipios; sin embargo, [&hellip;]<\/p>\n","protected":false},"author":2476,"featured_media":39087,"comment_status":"open","ping_status":"open","sticky":false,"template":"","format":"standard","meta":{"_jetpack_memberships_contains_paid_content":false,"footnotes":""},"categories":[2],"tags":[],"class_list":["post-39086","post","type-post","status-publish","format-standard","has-post-thumbnail","hentry","category-estado"],"jetpack_featured_media_url":"https:\/\/encuentroinformativo.com.mx\/wp-content\/uploads\/2023\/04\/IMG_2814.jpg","jetpack_sharing_enabled":true,"jetpack_likes_enabled":true,"amp_enabled":true,"_links":{"self":[{"href":"https:\/\/encuentroinformativo.com.mx\/index.php?rest_route=\/wp\/v2\/posts\/39086","targetHints":{"allow":["GET"]}}],"collection":[{"href":"https:\/\/encuentroinformativo.com.mx\/index.php?rest_route=\/wp\/v2\/posts"}],"about":[{"href":"https:\/\/encuentroinformativo.com.mx\/index.php?rest_route=\/wp\/v2\/types\/post"}],"author":[{"embeddable":true,"href":"https:\/\/encuentroinformativo.com.mx\/index.php?rest_route=\/wp\/v2\/users\/2476"}],"replies":[{"embeddable":true,"href":"https:\/\/encuentroinformativo.com.mx\/index.php?rest_route=%2Fwp%2Fv2%2Fcomments&post=39086"}],"version-history":[{"count":1,"href":"https:\/\/encuentroinformativo.com.mx\/index.php?rest_route=\/wp\/v2\/posts\/39086\/revisions"}],"predecessor-version":[{"id":39088,"href":"https:\/\/encuentroinformativo.com.mx\/index.php?rest_route=\/wp\/v2\/posts\/39086\/revisions\/39088"}],"wp:featuredmedia":[{"embeddable":true,"href":"https:\/\/encuentroinformativo.com.mx\/index.php?rest_route=\/wp\/v2\/media\/39087"}],"wp:attachment":[{"href":"https:\/\/encuentroinformativo.com.mx\/index.php?rest_route=%2Fwp%2Fv2%2Fmedia&parent=39086"}],"wp:term":[{"taxonomy":"category","embeddable":true,"href":"https:\/\/encuentroinformativo.com.mx\/index.php?rest_route=%2Fwp%2Fv2%2Fcategories&post=39086"},{"taxonomy":"post_tag","embeddable":true,"href":"https:\/\/encuentroinformativo.com.mx\/index.php?rest_route=%2Fwp%2Fv2%2Ftags&post=39086"}],"curies":[{"name":"wp","href":"https:\/\/api.w.org\/{rel}","templated":true}]}}