{"id":39103,"date":"2023-04-12T09:51:17","date_gmt":"2023-04-12T15:51:17","guid":{"rendered":"https:\/\/encuentroinformativo.com.mx\/?p=39103"},"modified":"2023-04-12T13:13:31","modified_gmt":"2023-04-12T19:13:31","slug":"realizaran-feria-agropecuaria-en-medellin","status":"publish","type":"post","link":"https:\/\/encuentroinformativo.com.mx\/?p=39103","title":{"rendered":"Realizar\u00e1n Feria Agropecuaria en Medell\u00edn"},"content":{"rendered":"\n<p><strong>Alejandro \u00c1vila<\/strong><\/p>\n\n\n\n<p>Medell\u00edn de Bravo, Ver.- Dando impulso a una de las principales actividades econ\u00f3micas de la regi\u00f3n, el Ayuntamiento que preside el alcalde Marcos Isle\u00f1o Andrade, en coordinaci\u00f3n con la Asociaci\u00f3n Ganadera Local, anunci\u00f3 la \u201cFeria Agropecuaria Medell\u00edn 2023\u201d, que se llevar\u00e1 a cabo del 14 al 16 de abril en el parque central \u201cNicol\u00e1s Bravo\u201d.<\/p>\n\n\n\n<p>V\u00edctor Manuel Rodr\u00edguez G\u00f3mez, Director Municipal de Desarrollo Rural Sustentable, explic\u00f3 que dicho evento contar\u00e1 con diversos espacios para que los productores tengan acceso a conferencias e intercambio de informaci\u00f3n, adem\u00e1s de atractivas actividades para toda la familia.<\/p>\n\n\n\n<p>\u201cEsta Expo Feria contar\u00e1 con muchos profesionales en el ramo. Tendremos a personal del Campo Experimental del Instituto Nacional de Investigaciones Forestales, Agr\u00edcolas y Pecuarias (INIFAP), el de experimentaci\u00f3n de Cotaxtla, exposici\u00f3n ganadera, eventos culturales y gastronom\u00eda de la regi\u00f3n\u201d, anunci\u00f3.<\/p>\n\n\n\n<p>En la feria, los productores podr\u00e1n visitar distintos stands, en donde encontrar\u00e1n productos diversos como maquinaria,&nbsp; agroqu\u00edmicos, pacas para alimento de ganado para esta temporada de estiaje, entre otros.<\/p>\n\n\n\n<p>Adem\u00e1s, el funcionario asever\u00f3 que se podr\u00e1n adquirir materiales para el campo como alambres, machetes, herramientas para cultivo y otros m\u00e1s cuyo costo tendr\u00e1 un subsidio por parte del gobierno municipal para los productores de la regi\u00f3n.<\/p>\n\n\n\n<p>El acceso a la Expo Feria Agropecuaria Medell\u00edn 2023 ser\u00e1 gratuito y para quienes gusten participar con alg\u00fan stand demostrativo deber\u00e1n confirmar directamente con la Direcci\u00f3n de Desarrollo Rural.<\/p>\n","protected":false},"excerpt":{"rendered":"<p>Alejandro \u00c1vila Medell\u00edn de Bravo, Ver.- Dando impulso a una de las principales actividades econ\u00f3micas de la regi\u00f3n, el Ayuntamiento que preside el alcalde Marcos Isle\u00f1o Andrade, en coordinaci\u00f3n con la Asociaci\u00f3n Ganadera Local, anunci\u00f3 la \u201cFeria Agropecuaria Medell\u00edn 2023\u201d, que se llevar\u00e1 a cabo del 14 al 16 de abril en el parque central [&hellip;]<\/p>\n","protected":false},"author":2476,"featured_media":39126,"comment_status":"open","ping_status":"open","sticky":false,"template":"","format":"standard","meta":{"_jetpack_memberships_contains_paid_content":false,"footnotes":""},"categories":[2],"tags":[],"class_list":["post-39103","post","type-post","status-publish","format-standard","has-post-thumbnail","hentry","category-estado"],"jetpack_featured_media_url":"https:\/\/encuentroinformativo.com.mx\/wp-content\/uploads\/2023\/04\/IMG-20230412-WA0009.jpg","jetpack_sharing_enabled":true,"jetpack_likes_enabled":true,"amp_enabled":true,"_links":{"self":[{"href":"https:\/\/encuentroinformativo.com.mx\/index.php?rest_route=\/wp\/v2\/posts\/39103","targetHints":{"allow":["GET"]}}],"collection":[{"href":"https:\/\/encuentroinformativo.com.mx\/index.php?rest_route=\/wp\/v2\/posts"}],"about":[{"href":"https:\/\/encuentroinformativo.com.mx\/index.php?rest_route=\/wp\/v2\/types\/post"}],"author":[{"embeddable":true,"href":"https:\/\/encuentroinformativo.com.mx\/index.php?rest_route=\/wp\/v2\/users\/2476"}],"replies":[{"embeddable":true,"href":"https:\/\/encuentroinformativo.com.mx\/index.php?rest_route=%2Fwp%2Fv2%2Fcomments&post=39103"}],"version-history":[{"count":1,"href":"https:\/\/encuentroinformativo.com.mx\/index.php?rest_route=\/wp\/v2\/posts\/39103\/revisions"}],"predecessor-version":[{"id":39104,"href":"https:\/\/encuentroinformativo.com.mx\/index.php?rest_route=\/wp\/v2\/posts\/39103\/revisions\/39104"}],"wp:featuredmedia":[{"embeddable":true,"href":"https:\/\/encuentroinformativo.com.mx\/index.php?rest_route=\/wp\/v2\/media\/39126"}],"wp:attachment":[{"href":"https:\/\/encuentroinformativo.com.mx\/index.php?rest_route=%2Fwp%2Fv2%2Fmedia&parent=39103"}],"wp:term":[{"taxonomy":"category","embeddable":true,"href":"https:\/\/encuentroinformativo.com.mx\/index.php?rest_route=%2Fwp%2Fv2%2Fcategories&post=39103"},{"taxonomy":"post_tag","embeddable":true,"href":"https:\/\/encuentroinformativo.com.mx\/index.php?rest_route=%2Fwp%2Fv2%2Ftags&post=39103"}],"curies":[{"name":"wp","href":"https:\/\/api.w.org\/{rel}","templated":true}]}}