{"id":39105,"date":"2023-04-12T10:05:51","date_gmt":"2023-04-12T16:05:51","guid":{"rendered":"https:\/\/encuentroinformativo.com.mx\/?p=39105"},"modified":"2023-04-12T10:05:54","modified_gmt":"2023-04-12T16:05:54","slug":"por-fiestas-comerciantes-esperan-repunte-de-50-en-tlalixcoyan","status":"publish","type":"post","link":"https:\/\/encuentroinformativo.com.mx\/?p=39105","title":{"rendered":"Por fiestas, comerciantes esperan repunte de 50% en Tlalixcoyan"},"content":{"rendered":"\n<p><strong>Alejandro \u00c1vila<\/strong><\/p>\n\n\n\n<p>Tlalixcoyan, Ver.- El sector empresarial de Tlalixcoyan espera un incremento del 50 por ciento en sus ventas tras las actividades programadas por el Ayuntamiento que preside Elvia Illescas Loyo durante el mes de abril.<\/p>\n\n\n\n<p>El cierre de marzo y principio de abril dej\u00f3 buenos dividendos tras el Carnaval en la cabecera municipal de Tlalixcoyan; este fin de semana dentro de los festejos por la Semana Santa 2023, se llevaron a cabo el Camacha Fest y a Papaqui de Carnaval en Piedras Negras.<\/p>\n\n\n\n<p>&#8220;Han sido dos buenos fines de semana, la llegada de visitantes al municipio ha sido importante y eso nos ha representado buenas ventas en nuestros negocios; a\u00fan faltan otras actividades por realizarse en abril, y consideramos que el aumento en las ventas puede ser de un 50 por ciento (\u2026) la verdad es que el apoyo de la alcaldesa ha sido fundamental, pues no solo ha estado pendiente de los peque\u00f1os empresarios y emprendedores, si no que se ha enfocado en atraer turismo a Tlalixcoyan para generar mayor derrama econ\u00f3mica&#8221;, mencion\u00f3 la comerciante, Andrea Montero.<\/p>\n\n\n\n<p>Cabe mencionar que el Camacha Fest se realiz\u00f3 el s\u00e1bado 8 de abril en la Laguna de la Virgen, mejor conocida como La Laguna de la Camacha, ubicada en el ejido de Cerro de las Conchas; donde adem\u00e1s de los bailes populares a cargo de Grupo TX y Los Mazz Sabor, los visitantes pudieron disfrutar de actividades recreativas en compa\u00f1\u00eda de su familia.<\/p>\n\n\n\n<p>El pasado domingo 9 de abril se llev\u00f3 a cabo el Papaqui del Carnaval de Piedras Negras, donde participaron comparsas, batucadas y academias, las cuales acompa\u00f1aron a la Corte Real 2023 en su recorrido por la avenida Jos\u00e9 Mar\u00eda Morelos; recordando que el Carnaval de Piedras Negras se llevar\u00e1 a cabo del 27 de abril al 1 de mayo.<\/p>\n","protected":false},"excerpt":{"rendered":"<p>Alejandro \u00c1vila Tlalixcoyan, Ver.- El sector empresarial de Tlalixcoyan espera un incremento del 50 por ciento en sus ventas tras las actividades programadas por el Ayuntamiento que preside Elvia Illescas Loyo durante el mes de abril. El cierre de marzo y principio de abril dej\u00f3 buenos dividendos tras el Carnaval en la cabecera municipal de [&hellip;]<\/p>\n","protected":false},"author":2476,"featured_media":39106,"comment_status":"open","ping_status":"open","sticky":false,"template":"","format":"standard","meta":{"_jetpack_memberships_contains_paid_content":false,"footnotes":""},"categories":[2],"tags":[],"class_list":["post-39105","post","type-post","status-publish","format-standard","has-post-thumbnail","hentry","category-estado"],"jetpack_featured_media_url":"https:\/\/encuentroinformativo.com.mx\/wp-content\/uploads\/2023\/04\/IMG-20230412-WA0008.jpg","jetpack_sharing_enabled":true,"jetpack_likes_enabled":true,"amp_enabled":true,"_links":{"self":[{"href":"https:\/\/encuentroinformativo.com.mx\/index.php?rest_route=\/wp\/v2\/posts\/39105","targetHints":{"allow":["GET"]}}],"collection":[{"href":"https:\/\/encuentroinformativo.com.mx\/index.php?rest_route=\/wp\/v2\/posts"}],"about":[{"href":"https:\/\/encuentroinformativo.com.mx\/index.php?rest_route=\/wp\/v2\/types\/post"}],"author":[{"embeddable":true,"href":"https:\/\/encuentroinformativo.com.mx\/index.php?rest_route=\/wp\/v2\/users\/2476"}],"replies":[{"embeddable":true,"href":"https:\/\/encuentroinformativo.com.mx\/index.php?rest_route=%2Fwp%2Fv2%2Fcomments&post=39105"}],"version-history":[{"count":1,"href":"https:\/\/encuentroinformativo.com.mx\/index.php?rest_route=\/wp\/v2\/posts\/39105\/revisions"}],"predecessor-version":[{"id":39107,"href":"https:\/\/encuentroinformativo.com.mx\/index.php?rest_route=\/wp\/v2\/posts\/39105\/revisions\/39107"}],"wp:featuredmedia":[{"embeddable":true,"href":"https:\/\/encuentroinformativo.com.mx\/index.php?rest_route=\/wp\/v2\/media\/39106"}],"wp:attachment":[{"href":"https:\/\/encuentroinformativo.com.mx\/index.php?rest_route=%2Fwp%2Fv2%2Fmedia&parent=39105"}],"wp:term":[{"taxonomy":"category","embeddable":true,"href":"https:\/\/encuentroinformativo.com.mx\/index.php?rest_route=%2Fwp%2Fv2%2Fcategories&post=39105"},{"taxonomy":"post_tag","embeddable":true,"href":"https:\/\/encuentroinformativo.com.mx\/index.php?rest_route=%2Fwp%2Fv2%2Ftags&post=39105"}],"curies":[{"name":"wp","href":"https:\/\/api.w.org\/{rel}","templated":true}]}}