{"id":39108,"date":"2023-04-12T11:22:01","date_gmt":"2023-04-12T17:22:01","guid":{"rendered":"https:\/\/encuentroinformativo.com.mx\/?p=39108"},"modified":"2023-04-12T11:30:38","modified_gmt":"2023-04-12T17:30:38","slug":"segun-encuesta-julen-favorito-de-panistas-para-2024","status":"publish","type":"post","link":"https:\/\/encuentroinformativo.com.mx\/?p=39108","title":{"rendered":"Seg\u00fan encuesta, Julen favorito de panistas para 2024"},"content":{"rendered":"\n<p><strong>Alejandro \u00c1vila<\/strong><\/p>\n\n\n\n<p>Veracruz, Ver.- La empresa encuestadora Demoscopia Digital realiz\u00f3 un sondeo entre los veracruzanos para conocer, qui\u00e9n de entre los panistas, es su favorito para la gubernatura de Veracruz, siendo el Senador, Julen Rementer\u00eda del Puerto, quien encabeza las preferencias.<\/p>\n\n\n\n<p>Seg\u00fan las estad\u00edsticas de la empresa Demoscop\u00eda Digital, el coordinador del Grupo Parlamentario del PAN en el Senado de la Rep\u00fablica, subi\u00f3 seis puntos en la preferencia de los ciudadanos en comparaci\u00f3n al mes de marzo; pues al corte del 10 de abril, se coloca en el primer sitio con 27.50% del gusto del electorado.<\/p>\n\n\n\n<p>Debajo de \u00e9l se encuentra, Miguel \u00c1ngel Yunes M\u00e1rquez con porcentaje de preferencia de 23.40, a pesar de ya haber perdido una elecci\u00f3n a la gubernatura; le sigue su hermano y ex alcalde de Veracruz, Fernando Yunes M\u00e1rquez, con porcentaje de 21.20.<\/p>\n\n\n\n<p>En cuarto sitio, la actual alcaldesa de Veracruz, Patricia Lobeira Rodr\u00edguez con 16.30 del gusto del electorado; el restante 11.60 por ciento, mencion\u00f3 a otro personaje o dijo no saber a\u00fan quien ser\u00eda la mejor opci\u00f3n.<\/p>\n\n\n\n<p>Hasta el momento, a\u00fan no se define si el PRI, PRD o PAN, tendr\u00e1n a uno de esos militantes como abanderado de la alianza &#8220;Veracruz Va&#8221;; sin embargo, los veracruzanos ya est\u00e1n mostrando sus preferencias de cara al proceso electoral del 2024.<\/p>\n\n\n\n<figure class=\"wp-block-image size-large\"><img loading=\"lazy\" decoding=\"async\" width=\"576\" height=\"1024\" src=\"https:\/\/encuentroinformativo.com.mx\/wp-content\/uploads\/2023\/04\/IMG-20230412-WA0026-576x1024.jpg\" alt=\"\" class=\"wp-image-39109\" srcset=\"https:\/\/encuentroinformativo.com.mx\/wp-content\/uploads\/2023\/04\/IMG-20230412-WA0026-576x1024.jpg 576w, https:\/\/encuentroinformativo.com.mx\/wp-content\/uploads\/2023\/04\/IMG-20230412-WA0026-169x300.jpg 169w, https:\/\/encuentroinformativo.com.mx\/wp-content\/uploads\/2023\/04\/IMG-20230412-WA0026-768x1365.jpg 768w, https:\/\/encuentroinformativo.com.mx\/wp-content\/uploads\/2023\/04\/IMG-20230412-WA0026-864x1536.jpg 864w, https:\/\/encuentroinformativo.com.mx\/wp-content\/uploads\/2023\/04\/IMG-20230412-WA0026.jpg 900w\" sizes=\"auto, (max-width: 576px) 100vw, 576px\" \/><\/figure>\n","protected":false},"excerpt":{"rendered":"<p>Alejandro \u00c1vila Veracruz, Ver.- La empresa encuestadora Demoscopia Digital realiz\u00f3 un sondeo entre los veracruzanos para conocer, qui\u00e9n de entre los panistas, es su favorito para la gubernatura de Veracruz, siendo el Senador, Julen Rementer\u00eda del Puerto, quien encabeza las preferencias. Seg\u00fan las estad\u00edsticas de la empresa Demoscop\u00eda Digital, el coordinador del Grupo Parlamentario del [&hellip;]<\/p>\n","protected":false},"author":2476,"featured_media":39109,"comment_status":"open","ping_status":"open","sticky":false,"template":"","format":"standard","meta":{"_jetpack_memberships_contains_paid_content":false,"footnotes":""},"categories":[2],"tags":[],"class_list":["post-39108","post","type-post","status-publish","format-standard","has-post-thumbnail","hentry","category-estado"],"jetpack_featured_media_url":"https:\/\/encuentroinformativo.com.mx\/wp-content\/uploads\/2023\/04\/IMG-20230412-WA0026.jpg","jetpack_sharing_enabled":true,"jetpack_likes_enabled":true,"amp_enabled":true,"_links":{"self":[{"href":"https:\/\/encuentroinformativo.com.mx\/index.php?rest_route=\/wp\/v2\/posts\/39108","targetHints":{"allow":["GET"]}}],"collection":[{"href":"https:\/\/encuentroinformativo.com.mx\/index.php?rest_route=\/wp\/v2\/posts"}],"about":[{"href":"https:\/\/encuentroinformativo.com.mx\/index.php?rest_route=\/wp\/v2\/types\/post"}],"author":[{"embeddable":true,"href":"https:\/\/encuentroinformativo.com.mx\/index.php?rest_route=\/wp\/v2\/users\/2476"}],"replies":[{"embeddable":true,"href":"https:\/\/encuentroinformativo.com.mx\/index.php?rest_route=%2Fwp%2Fv2%2Fcomments&post=39108"}],"version-history":[{"count":2,"href":"https:\/\/encuentroinformativo.com.mx\/index.php?rest_route=\/wp\/v2\/posts\/39108\/revisions"}],"predecessor-version":[{"id":39113,"href":"https:\/\/encuentroinformativo.com.mx\/index.php?rest_route=\/wp\/v2\/posts\/39108\/revisions\/39113"}],"wp:featuredmedia":[{"embeddable":true,"href":"https:\/\/encuentroinformativo.com.mx\/index.php?rest_route=\/wp\/v2\/media\/39109"}],"wp:attachment":[{"href":"https:\/\/encuentroinformativo.com.mx\/index.php?rest_route=%2Fwp%2Fv2%2Fmedia&parent=39108"}],"wp:term":[{"taxonomy":"category","embeddable":true,"href":"https:\/\/encuentroinformativo.com.mx\/index.php?rest_route=%2Fwp%2Fv2%2Fcategories&post=39108"},{"taxonomy":"post_tag","embeddable":true,"href":"https:\/\/encuentroinformativo.com.mx\/index.php?rest_route=%2Fwp%2Fv2%2Ftags&post=39108"}],"curies":[{"name":"wp","href":"https:\/\/api.w.org\/{rel}","templated":true}]}}