{"id":39128,"date":"2023-04-12T13:19:10","date_gmt":"2023-04-12T19:19:10","guid":{"rendered":"https:\/\/encuentroinformativo.com.mx\/?p=39128"},"modified":"2023-04-12T13:19:14","modified_gmt":"2023-04-12T19:19:14","slug":"invitan-a-carnaval-en-tuzamapan","status":"publish","type":"post","link":"https:\/\/encuentroinformativo.com.mx\/?p=39128","title":{"rendered":"Invitan a Carnaval en Tuzamapan"},"content":{"rendered":"\n<p><strong>Dar\u00edo Pale <\/strong><\/p>\n\n\n\n<p>Xalapa, Ver.- Invitan a la ciudadan\u00eda para que asistan al Carnaval Tuzamapan 2023 el cual se realizar\u00e1 el del 27 de abril al 2 de mayo, as\u00ed lo dieron a conocer los integrantes del evento y la Corte Real comentaron que es una tradici\u00f3n que tiene 115 a\u00f1os.<\/p>\n\n\n\n<p>En conferencia de prensa, detallaron que entre los dise\u00f1os de los trajes destaca el del Viejo, en alusi\u00f3n a los hacendados, es una parodia, incluso comentaron que los danzantes estuvieron en el Festival de Coscomatepec.<\/p>\n\n\n\n<p>La quema del Mal Humor se llevar\u00e1 a cabo el d\u00eda 27 de abril, a las 9 de la noche, al d\u00eda siguiente se har\u00e1 la coronaci\u00f3n de la Corte Real.\u00a0<\/p>\n\n\n\n<p>El 30 ser\u00e1 el Baile Popular, con los Super Lamas. Habr\u00e1 desfile de carros aleg\u00f3ricos, las fiestas concluyen con el Entierro de Juan Carnaval.<\/p>\n","protected":false},"excerpt":{"rendered":"<p>Dar\u00edo Pale Xalapa, Ver.- Invitan a la ciudadan\u00eda para que asistan al Carnaval Tuzamapan 2023 el cual se realizar\u00e1 el del 27 de abril al 2 de mayo, as\u00ed lo dieron a conocer los integrantes del evento y la Corte Real comentaron que es una tradici\u00f3n que tiene 115 a\u00f1os. En conferencia de prensa, detallaron [&hellip;]<\/p>\n","protected":false},"author":2476,"featured_media":39129,"comment_status":"open","ping_status":"open","sticky":false,"template":"","format":"standard","meta":{"_jetpack_memberships_contains_paid_content":false,"footnotes":""},"categories":[8],"tags":[],"class_list":["post-39128","post","type-post","status-publish","format-standard","has-post-thumbnail","hentry","category-region"],"jetpack_featured_media_url":"https:\/\/encuentroinformativo.com.mx\/wp-content\/uploads\/2023\/04\/IMG-20230412-WA00602.jpg","jetpack_sharing_enabled":true,"jetpack_likes_enabled":true,"amp_enabled":true,"_links":{"self":[{"href":"https:\/\/encuentroinformativo.com.mx\/index.php?rest_route=\/wp\/v2\/posts\/39128","targetHints":{"allow":["GET"]}}],"collection":[{"href":"https:\/\/encuentroinformativo.com.mx\/index.php?rest_route=\/wp\/v2\/posts"}],"about":[{"href":"https:\/\/encuentroinformativo.com.mx\/index.php?rest_route=\/wp\/v2\/types\/post"}],"author":[{"embeddable":true,"href":"https:\/\/encuentroinformativo.com.mx\/index.php?rest_route=\/wp\/v2\/users\/2476"}],"replies":[{"embeddable":true,"href":"https:\/\/encuentroinformativo.com.mx\/index.php?rest_route=%2Fwp%2Fv2%2Fcomments&post=39128"}],"version-history":[{"count":1,"href":"https:\/\/encuentroinformativo.com.mx\/index.php?rest_route=\/wp\/v2\/posts\/39128\/revisions"}],"predecessor-version":[{"id":39130,"href":"https:\/\/encuentroinformativo.com.mx\/index.php?rest_route=\/wp\/v2\/posts\/39128\/revisions\/39130"}],"wp:featuredmedia":[{"embeddable":true,"href":"https:\/\/encuentroinformativo.com.mx\/index.php?rest_route=\/wp\/v2\/media\/39129"}],"wp:attachment":[{"href":"https:\/\/encuentroinformativo.com.mx\/index.php?rest_route=%2Fwp%2Fv2%2Fmedia&parent=39128"}],"wp:term":[{"taxonomy":"category","embeddable":true,"href":"https:\/\/encuentroinformativo.com.mx\/index.php?rest_route=%2Fwp%2Fv2%2Fcategories&post=39128"},{"taxonomy":"post_tag","embeddable":true,"href":"https:\/\/encuentroinformativo.com.mx\/index.php?rest_route=%2Fwp%2Fv2%2Ftags&post=39128"}],"curies":[{"name":"wp","href":"https:\/\/api.w.org\/{rel}","templated":true}]}}