{"id":39139,"date":"2023-04-12T14:11:16","date_gmt":"2023-04-12T20:11:16","guid":{"rendered":"https:\/\/encuentroinformativo.com.mx\/?p=39139"},"modified":"2023-04-12T14:11:20","modified_gmt":"2023-04-12T20:11:20","slug":"no-tocamos-el-proceso-electoral-bienestar","status":"publish","type":"post","link":"https:\/\/encuentroinformativo.com.mx\/?p=39139","title":{"rendered":"No tocamos el proceso electoral: Bienestar"},"content":{"rendered":"\n<p><strong>Dar\u00edo Pale <\/strong><\/p>\n\n\n\n<p>Xalapa, Ver.- La Subsecretaria de Bienestar, Roc\u00edo Garc\u00eda P\u00e9rez dio a conocer que se ha enterado de algunas situaciones de los servidores de la naci\u00f3n que han sido despedidos por lo que investigar\u00e1n sus casos para que se cumplan los derechos de los trabajadores.<\/p>\n\n\n\n<p>Entrevistada posterior a la asamblea del Comit\u00e9 de los programas del Bienestar se\u00f1al\u00f3 que ante el pr\u00f3ximo proceso electoral en Veracruz y la veda, indic\u00f3 que se cuenta con un calendario establecido de la entrega de los programas sociales.<\/p>\n\n\n\n<p>&#8220;Estamos trabajando a pasos agigantados porque tenemos un objetivo de cumplir con todas las solicitudes que tengamos de los programas&#8221;, se\u00f1al\u00f3.<\/p>\n\n\n\n<p>La funcionaria federal acot\u00f3 que para ellos el proceso electoral &#8220;ni siquiera lo tocamos, ni siquiera lo vemos, solamente cumplimos con nuestra encomienda que es trabajar por la gente&#8221;.<\/p>\n\n\n\n<p>Roc\u00edo Garc\u00eda P\u00e9rez precis\u00f3 que se cumple con lo que la ley establece en materia de veda electoral.<\/p>\n\n\n\n<p>&#8220;Nada m\u00e1s nos paramos en cuesti\u00f3n de inscripciones, pero las entregas que se tengan que hacer esas est\u00e1n permitidas&#8221;, coment\u00f3.<\/p>\n\n\n\n<p>En cuanto a la falta de asistencia por parte del gobernador del estado, lo justific\u00f3 diciendo que ya hay una agenda establecida adem\u00e1s de que desconoc\u00eda que asistir\u00eda el d\u00eda de hoy a este evento, no es un desprecio.<\/p>\n\n\n\n<p>En otro orden de ideas en cuanto a la queja por despidos injustificados por Juan Vergel Pacheco se\u00f1al\u00f3 que revisar\u00eda el tema, &#8220;he sabido de algunos servidores de la naci\u00f3n y se est\u00e1 trabajando en ver que siempre se cumpla con los derechos de los trabajadores&#8221;.<\/p>\n\n\n\n<p>Se\u00f1al\u00f3 que si se han registrado incidentes en los cajeros del Bienestar pero han sido m\u00ednimos, solo dos o tres de 1,600 bancos que ya existen.<\/p>\n\n\n\n<p>Finalmente en cuanto a las remesas de Estados Unidos aclar\u00f3 que el banco del Bienestar no recibe remesas va a crearse una fiduciaria lo que era TELECOM y ella recibir\u00e1 y ser\u00e1 la financiera Bienestar.<\/p>\n","protected":false},"excerpt":{"rendered":"<p>Dar\u00edo Pale Xalapa, Ver.- La Subsecretaria de Bienestar, Roc\u00edo Garc\u00eda P\u00e9rez dio a conocer que se ha enterado de algunas situaciones de los servidores de la naci\u00f3n que han sido despedidos por lo que investigar\u00e1n sus casos para que se cumplan los derechos de los trabajadores. Entrevistada posterior a la asamblea del Comit\u00e9 de los [&hellip;]<\/p>\n","protected":false},"author":2476,"featured_media":39141,"comment_status":"open","ping_status":"open","sticky":false,"template":"","format":"standard","meta":{"_jetpack_memberships_contains_paid_content":false,"footnotes":""},"categories":[2],"tags":[],"class_list":["post-39139","post","type-post","status-publish","format-standard","has-post-thumbnail","hentry","category-estado"],"jetpack_featured_media_url":"https:\/\/encuentroinformativo.com.mx\/wp-content\/uploads\/2023\/04\/IMG-20230412-WA00772.jpg","jetpack_sharing_enabled":true,"jetpack_likes_enabled":true,"amp_enabled":true,"_links":{"self":[{"href":"https:\/\/encuentroinformativo.com.mx\/index.php?rest_route=\/wp\/v2\/posts\/39139","targetHints":{"allow":["GET"]}}],"collection":[{"href":"https:\/\/encuentroinformativo.com.mx\/index.php?rest_route=\/wp\/v2\/posts"}],"about":[{"href":"https:\/\/encuentroinformativo.com.mx\/index.php?rest_route=\/wp\/v2\/types\/post"}],"author":[{"embeddable":true,"href":"https:\/\/encuentroinformativo.com.mx\/index.php?rest_route=\/wp\/v2\/users\/2476"}],"replies":[{"embeddable":true,"href":"https:\/\/encuentroinformativo.com.mx\/index.php?rest_route=%2Fwp%2Fv2%2Fcomments&post=39139"}],"version-history":[{"count":1,"href":"https:\/\/encuentroinformativo.com.mx\/index.php?rest_route=\/wp\/v2\/posts\/39139\/revisions"}],"predecessor-version":[{"id":39142,"href":"https:\/\/encuentroinformativo.com.mx\/index.php?rest_route=\/wp\/v2\/posts\/39139\/revisions\/39142"}],"wp:featuredmedia":[{"embeddable":true,"href":"https:\/\/encuentroinformativo.com.mx\/index.php?rest_route=\/wp\/v2\/media\/39141"}],"wp:attachment":[{"href":"https:\/\/encuentroinformativo.com.mx\/index.php?rest_route=%2Fwp%2Fv2%2Fmedia&parent=39139"}],"wp:term":[{"taxonomy":"category","embeddable":true,"href":"https:\/\/encuentroinformativo.com.mx\/index.php?rest_route=%2Fwp%2Fv2%2Fcategories&post=39139"},{"taxonomy":"post_tag","embeddable":true,"href":"https:\/\/encuentroinformativo.com.mx\/index.php?rest_route=%2Fwp%2Fv2%2Ftags&post=39139"}],"curies":[{"name":"wp","href":"https:\/\/api.w.org\/{rel}","templated":true}]}}