{"id":39151,"date":"2023-04-12T17:28:52","date_gmt":"2023-04-12T23:28:52","guid":{"rendered":"https:\/\/encuentroinformativo.com.mx\/?p=39151"},"modified":"2023-04-12T17:28:56","modified_gmt":"2023-04-12T23:28:56","slug":"ajuste-de-cuentas-multihomicidio-en-tihuatlan-gobernador","status":"publish","type":"post","link":"https:\/\/encuentroinformativo.com.mx\/?p=39151","title":{"rendered":"Ajuste de cuentas, multihomicidio en Tihuatl\u00e1n: Gobernador"},"content":{"rendered":"\n<p><strong>Dar\u00edo Pale <\/strong><\/p>\n\n\n\n<p>Xalapa, Ver.- El multihomicidio en Tihuatl\u00e1n, fue un ajuste de cuentas, era una familia, los hechos ocurren en un punto de venta de drogas, los hechos est\u00e1n relacionados con los ocurridos en diciembre de 2022 y principios de enero de 2023, as\u00ed lo inform\u00f3 el gobernador Cuitl\u00e1huac Garc\u00eda Jim\u00e9nez.<\/p>\n\n\n\n<p>En entrevista defini\u00f3 que los hechos ocurridos en el municipio de Tihuatl\u00e1n, est\u00e1n relacionados con lo que sucedi\u00f3 en Poza Rica el \u00faltimo d\u00eda del 2022.<\/p>\n\n\n\n<p>Este martes se dio a conocer el crimen de seis personas en la comunidad de Acontitla, municipio de Tihuatl\u00e1n, entre esos hab\u00eda tres mujeres y, adem\u00e1s la localizaci\u00f3n de cuerpos en bolsas cerca de ese lugar.<\/p>\n\n\n\n<p>&#8220;Desde enero que tuvimos algunos hecho all\u00e1 en Poza Rica y que los que han venido sucediendo tienen mucha relaci\u00f3n con ajuste de cuentas entre grupos delictivos que est\u00e1n tratando de retomar lo que se conoce como la plaza&#8221;, se\u00f1al\u00f3.<\/p>\n\n\n\n<p>Puntualiz\u00f3 que los grupos delictivos quieren hacerse de la plaza regional que abarca Tihuatl\u00e1n-Poza Rica-Cazones-Totonacapan, y destac\u00f3 que la seguridad se ha reforzado con m\u00e1s de 360 elementos de la Secretar\u00eda de Seguridad P\u00fablica desde \u00c1lamo y hasta Papantla cubriendo dicho corredor.<\/p>\n\n\n\n<p>Asimismo, cuentan con presencia de elementos de la SEDENA, con lo que sumar\u00edan casi 450 uniformados que est\u00e1n operando en aquella regi\u00f3n.<\/p>\n\n\n\n<p>El Ejecutivo refiri\u00f3 que desde esa fecha se han venido haciendo detenciones muy importantes, como el segundo al mando de aquella plaza al norte del Estado, asimismo, indic\u00f3 que han hecho detenciones de cabecillas, as\u00ed como de grupos de la delincuencia<\/p>\n\n\n\n<p>Presumi\u00f3 que adem\u00e1s han agarrado siete &#8220;peces gordos&#8221;, ya no son &#8220;Charales&#8221;, lo cual ha debilitado a los grupos que tienen preponderancia y que otras celulas independientes quieren aprovechar.<\/p>\n\n\n\n<p>&#8220;En este marco de operativos que hemos realizado se dan estos hechos en el que lamentablemente el d\u00eda de ayer pierde la vida una familia, lamentablemente los indicios que hemos recabado, es que era un punto de venta de droga, era una persona que vende droga y que fue su familia ultimada&#8221;, coment\u00f3.<\/p>\n\n\n\n<p>&#8220;Eso se est\u00e1 indagando por ajustes que se est\u00e1n haciendo ah\u00ed entre grupos delictivos. La Fiscal nos dio un reporte preliminar, se reserv\u00f3 la informaci\u00f3n, tambi\u00e9n SSP, SEDENA, Guardia Nacional y el Centro Nacional de Inteligencia y Marina han recabado informaci\u00f3n importante y todos coinciden en este ajuste de cuentas entre grupos&#8221;, agreg\u00f3.<\/p>\n\n\n\n<p>Revel\u00f3 que se trata de una disputa de al menos tres grupos de \u00a0la delincuencia que est\u00e1n muy debilitados, pero que buscan reforzarse con las c\u00e9lulas que han quedado sin sus cabecillas.<\/p>\n\n\n\n<p>Garc\u00eda Jim\u00e9nez sostuvo que independientemente de que se trate o no de integrantes de la delincuencia organizada, se debe hacer justicia.<br>Recalc\u00f3 que no habr\u00e1 impunidad as\u00ed como no la hubo en los hechos ocurridos en el puerto de Veracruz y en otros hechos que han lastimado la tranquilidad de la sociedad.<\/p>\n\n\n\n<p>Dijo que con ello demuestran que no obedecen a intereses de ning\u00fan grupo, que act\u00faan parejo y que van contra los que atentan contra la vida de las personas y la tranquilidad de la sociedad.<\/p>\n\n\n\n<p>Finalmente el mandatario aclar\u00f3 que en el caso de las personas que habr\u00edan aparecido en bolsas, cerca del mismo lugar, indic\u00f3 que tambi\u00e9n est\u00e1n relacionados con la venta de drogas.<\/p>\n","protected":false},"excerpt":{"rendered":"<p>Dar\u00edo Pale Xalapa, Ver.- El multihomicidio en Tihuatl\u00e1n, fue un ajuste de cuentas, era una familia, los hechos ocurren en un punto de venta de drogas, los hechos est\u00e1n relacionados con los ocurridos en diciembre de 2022 y principios de enero de 2023, as\u00ed lo inform\u00f3 el gobernador Cuitl\u00e1huac Garc\u00eda Jim\u00e9nez. En entrevista defini\u00f3 que [&hellip;]<\/p>\n","protected":false},"author":2476,"featured_media":39152,"comment_status":"open","ping_status":"open","sticky":false,"template":"","format":"standard","meta":{"_jetpack_memberships_contains_paid_content":false,"footnotes":""},"categories":[2],"tags":[],"class_list":["post-39151","post","type-post","status-publish","format-standard","has-post-thumbnail","hentry","category-estado"],"jetpack_featured_media_url":"https:\/\/encuentroinformativo.com.mx\/wp-content\/uploads\/2023\/04\/Photo_1681341703167.jpg","jetpack_sharing_enabled":true,"jetpack_likes_enabled":true,"amp_enabled":true,"_links":{"self":[{"href":"https:\/\/encuentroinformativo.com.mx\/index.php?rest_route=\/wp\/v2\/posts\/39151","targetHints":{"allow":["GET"]}}],"collection":[{"href":"https:\/\/encuentroinformativo.com.mx\/index.php?rest_route=\/wp\/v2\/posts"}],"about":[{"href":"https:\/\/encuentroinformativo.com.mx\/index.php?rest_route=\/wp\/v2\/types\/post"}],"author":[{"embeddable":true,"href":"https:\/\/encuentroinformativo.com.mx\/index.php?rest_route=\/wp\/v2\/users\/2476"}],"replies":[{"embeddable":true,"href":"https:\/\/encuentroinformativo.com.mx\/index.php?rest_route=%2Fwp%2Fv2%2Fcomments&post=39151"}],"version-history":[{"count":1,"href":"https:\/\/encuentroinformativo.com.mx\/index.php?rest_route=\/wp\/v2\/posts\/39151\/revisions"}],"predecessor-version":[{"id":39153,"href":"https:\/\/encuentroinformativo.com.mx\/index.php?rest_route=\/wp\/v2\/posts\/39151\/revisions\/39153"}],"wp:featuredmedia":[{"embeddable":true,"href":"https:\/\/encuentroinformativo.com.mx\/index.php?rest_route=\/wp\/v2\/media\/39152"}],"wp:attachment":[{"href":"https:\/\/encuentroinformativo.com.mx\/index.php?rest_route=%2Fwp%2Fv2%2Fmedia&parent=39151"}],"wp:term":[{"taxonomy":"category","embeddable":true,"href":"https:\/\/encuentroinformativo.com.mx\/index.php?rest_route=%2Fwp%2Fv2%2Fcategories&post=39151"},{"taxonomy":"post_tag","embeddable":true,"href":"https:\/\/encuentroinformativo.com.mx\/index.php?rest_route=%2Fwp%2Fv2%2Ftags&post=39151"}],"curies":[{"name":"wp","href":"https:\/\/api.w.org\/{rel}","templated":true}]}}