{"id":39157,"date":"2023-04-12T18:05:32","date_gmt":"2023-04-13T00:05:32","guid":{"rendered":"https:\/\/encuentroinformativo.com.mx\/?p=39157"},"modified":"2023-04-12T18:05:34","modified_gmt":"2023-04-13T00:05:34","slug":"respaldamos-el-regreso-de-la-expo-ganadera-ylang-ylang-alcalde-jm-unanue","status":"publish","type":"post","link":"https:\/\/encuentroinformativo.com.mx\/?p=39157","title":{"rendered":"Respaldamos el regreso de la Expo Ganadera Ylang Ylang: Alcalde JM Un\u00e1nue"},"content":{"rendered":"\n<p><strong>*<em>Una fiesta referente en el sureste mexicano para los ganaderos del pa\u00eds que se llevar\u00e1 a cabo del 19 de mayo al 4 de junio<\/em>.<\/strong><\/p>\n\n\n\n<p>Boca del R\u00edo, Ver.- Despu\u00e9s de tres a\u00f1os de ausencia, retorna la Expo Feria Regional Ganadera Ylang Ylang 2023 en su 55\u00aa edici\u00f3n como parte del impulso que da el Gobierno de Boca del R\u00edo para que este tipo de actividades ayuden a la generaci\u00f3n de empleos y a la reactivaci\u00f3n econ\u00f3mica.<\/p>\n\n\n\n<p>Durante la presentaci\u00f3n del programa oficial, el Alcalde Juan Manuel Un\u00e1nue Abascal reiter\u00f3 que desde el inicio de su gobierno han facilitado la realizaci\u00f3n de todo tipo de eventos que ayuden al impulso econ\u00f3mico y tur\u00edstico del municipio, as\u00ed como a la recreaci\u00f3n de los boque\u00f1os.<\/p>\n\n\n\n<p>\u201cPara Boca del R\u00edo es sumamente importante que haya este tipo de eventos, tambi\u00e9n es motivo de generaci\u00f3n de empleo, derrama econ\u00f3mica, as\u00ed como afluencia tur\u00edstica, no solo en Boca, sino en toda la zona conurbada\u201d, destac\u00f3 el Alcalde.<\/p>\n\n\n\n<p>Asever\u00f3 que la Expo Feria Regional Ganadera Ylang Ylang 2023 se ha convertido con el paso del tiempo en el principal evento expositor de la zona sureste del pa\u00eds, en el que convergen ganaderos de otras entidades con vocaci\u00f3n pecuaria como lo son Tamaulipas, Tabasco, Sonora, Sinaloa, Chiapas, Jalisco y Nuevo Le\u00f3n.<\/p>\n\n\n\n<p>En tanto, Rene Loyo Garc\u00eda, Presidente de la Uni\u00f3n Ganadera del Centro, agradeci\u00f3 al Presidente Municipal de Boca del R\u00edo por todas las facilidades otorgadas para la realizaci\u00f3n de esta la Expo Feria.<\/p>\n\n\n\n<p>\u201cHoy se traduce en la consolidaci\u00f3n del proyecto de esta ganadera, muchas gracias Alcalde por ser parte de esta Ganadera\u201d, expres\u00f3 Loyo Garc\u00eda.<\/p>\n\n\n\n<p>Asimismo, De Un\u00e1nue Abascal coment\u00f3 que esta Feria Ganadera no solo se destaca en materia de comercializaci\u00f3n, sino tambi\u00e9n por el intercambio de estrategias y experiencias de sanidad, gen\u00e9tica y alimentaci\u00f3n animal.<\/p>\n\n\n\n<p>Agreg\u00f3 tambi\u00e9n que el Ayuntamiento de Boca del R\u00edo est\u00e1 comprometido con garantizar espacios limpios y seguros para la realizaci\u00f3n de cualquier evento, por lo que hay plena coordinaci\u00f3n con los organizadores y con las \u00e1reas municipales como: Comercio, Protecci\u00f3n Civil, Limpia P\u00fablica, DIF y Polic\u00eda Municipal.<\/p>\n\n\n\n<p>Juan Manuel Un\u00e1nue Abascal reconoci\u00f3 el trabajo y organizaci\u00f3n de los ganaderos, adem\u00e1s de invitar a todos los ciudadanos a que asistan a esta importante feria que ha sentado un precedente en el sureste mexicano y hoy est\u00e1 de vuelta.<\/p>\n\n\n\n<p>En esta Expo Feria se estar\u00e1 exponiendo 800 ejemplares bovinos, adem\u00e1s de contar con un extenso elenco art\u00edstico, as\u00ed como juegos mec\u00e1nicos y otras atracciones para los visitantes.<\/p>\n\n\n\n<p>En dicha presentaci\u00f3n se cont\u00f3 con la presencia de Severo Tercero Garc\u00eda Barroso, Presidente del Comit\u00e9 Organizador, as\u00ed como de Camila Hern\u00e1ndez Medina, Reina de la Expo Ganadera Ylang Ylang 2023.<\/p>\n","protected":false},"excerpt":{"rendered":"<p>*Una fiesta referente en el sureste mexicano para los ganaderos del pa\u00eds que se llevar\u00e1 a cabo del 19 de mayo al 4 de junio. Boca del R\u00edo, Ver.- Despu\u00e9s de tres a\u00f1os de ausencia, retorna la Expo Feria Regional Ganadera Ylang Ylang 2023 en su 55\u00aa edici\u00f3n como parte del impulso que da el [&hellip;]<\/p>\n","protected":false},"author":2476,"featured_media":39158,"comment_status":"open","ping_status":"open","sticky":false,"template":"","format":"standard","meta":{"_jetpack_memberships_contains_paid_content":false,"footnotes":""},"categories":[2],"tags":[],"class_list":["post-39157","post","type-post","status-publish","format-standard","has-post-thumbnail","hentry","category-estado"],"jetpack_featured_media_url":"https:\/\/encuentroinformativo.com.mx\/wp-content\/uploads\/2023\/04\/IMG-20230412-WA01232.jpg","jetpack_sharing_enabled":true,"jetpack_likes_enabled":true,"amp_enabled":true,"_links":{"self":[{"href":"https:\/\/encuentroinformativo.com.mx\/index.php?rest_route=\/wp\/v2\/posts\/39157","targetHints":{"allow":["GET"]}}],"collection":[{"href":"https:\/\/encuentroinformativo.com.mx\/index.php?rest_route=\/wp\/v2\/posts"}],"about":[{"href":"https:\/\/encuentroinformativo.com.mx\/index.php?rest_route=\/wp\/v2\/types\/post"}],"author":[{"embeddable":true,"href":"https:\/\/encuentroinformativo.com.mx\/index.php?rest_route=\/wp\/v2\/users\/2476"}],"replies":[{"embeddable":true,"href":"https:\/\/encuentroinformativo.com.mx\/index.php?rest_route=%2Fwp%2Fv2%2Fcomments&post=39157"}],"version-history":[{"count":1,"href":"https:\/\/encuentroinformativo.com.mx\/index.php?rest_route=\/wp\/v2\/posts\/39157\/revisions"}],"predecessor-version":[{"id":39159,"href":"https:\/\/encuentroinformativo.com.mx\/index.php?rest_route=\/wp\/v2\/posts\/39157\/revisions\/39159"}],"wp:featuredmedia":[{"embeddable":true,"href":"https:\/\/encuentroinformativo.com.mx\/index.php?rest_route=\/wp\/v2\/media\/39158"}],"wp:attachment":[{"href":"https:\/\/encuentroinformativo.com.mx\/index.php?rest_route=%2Fwp%2Fv2%2Fmedia&parent=39157"}],"wp:term":[{"taxonomy":"category","embeddable":true,"href":"https:\/\/encuentroinformativo.com.mx\/index.php?rest_route=%2Fwp%2Fv2%2Fcategories&post=39157"},{"taxonomy":"post_tag","embeddable":true,"href":"https:\/\/encuentroinformativo.com.mx\/index.php?rest_route=%2Fwp%2Fv2%2Ftags&post=39157"}],"curies":[{"name":"wp","href":"https:\/\/api.w.org\/{rel}","templated":true}]}}