{"id":3916,"date":"2020-07-07T12:07:54","date_gmt":"2020-07-07T17:07:54","guid":{"rendered":"https:\/\/encuentroinformativo.com\/?p=3916"},"modified":"2020-07-07T12:07:56","modified_gmt":"2020-07-07T17:07:56","slug":"el-informe-de-cuic","status":"publish","type":"post","link":"https:\/\/encuentroinformativo.com.mx\/?p=3916","title":{"rendered":"El Informe de Cuic"},"content":{"rendered":"\n<p><strong>Los Pol\u00edticos<\/strong>\u00a0<\/p>\n\n\n\n<p><strong>Salvador Mu\u00f1oz<\/strong><br><\/p>\n\n\n\n<p>\u00bfHubo Informe? \u00a1S\u00ed s\u00e9 pero no s\u00e9! La verdad, toda la ma\u00f1ana, consternados, sac\u00e1bamos el coraje la Mujer y yo por el asesinato (otro pinche asesinato) de Reyna, una ni\u00f1a de doce a\u00f1os que vend\u00eda pan all\u00e1 en Naolinco.<\/p>\n\n\n\n<p>\u00bfDe qu\u00e9 era el informe? Eduardo Venegas, amigo y compa\u00f1ero, igual me recordaba que hace dos a\u00f1os aproximadamente, Cuitl\u00e1huac Garc\u00eda Jim\u00e9nez promet\u00eda all\u00e1 en Tlacotalpan que esta Ciudad Patrimonio habr\u00eda de convertirse en sede de la secretar\u00eda de Cultura\u2026 los habitantes de la Perla del Papaloapan hicieron bien en esperar sentados porque desde que avent\u00f3 ese \u201cchoro\u201d \u00a1nadie se lo crey\u00f3! \u00a1Puf! Ideal ser\u00eda primero, meterle cuatro carriles para llegar a ese bello lugar o antes, que volvieran a reactivar la promoci\u00f3n del turismo en escalas mayores, y no conformarse solo a la Fiesta de la Candelaria o esperar las vacaciones de fin de a\u00f1o\u2026<\/p>\n\n\n\n<p>\u00bfY de verdad inform\u00f3? Ricardo Ch\u00faa igual nos record\u00f3 que el tiempo se le viene encima a otra de las promesas que hizo Cuitl\u00e1huac: acabar con la inseguridad en dos a\u00f1os\u2026 si hacemos memoria, empe\u00f1\u00f3 su palabra a principios de enero del 2019 y el plazo se le vence en enero del 2021\u2026 tema aparte merece tambi\u00e9n la promesa guanga del Presidente, quien \u00e9se de plano se la jal\u00f3 diciendo que en Veracruz habr\u00eda de terminar la inseguridad en seis meses\u2026 lo dijo un abril del 2019\u2026 \u00a1ya ni para hacer cuentas\u2026!<\/p>\n\n\n\n<p>Entonces\u2026 \u00bfde d\u00f3nde sacan eso de un Informe de Resultados? Si el Gobernador respetara la Ley, deber\u00eda tener en cuenta que si tienen que dar un Informe de sus resultados es cada 15 de noviembre, de acuerdo a lo establecido en nuestra Constituci\u00f3n:<\/p>\n\n\n\n<p>\u201cArt\u00edculo 49. Son atribuciones del Gobernador del Estado&#8230;<\/p>\n\n\n\n<p>\u201cXXI. Presentar ante el Congreso del Estado, el 15 de noviembre de cada a\u00f1o, un informe escrito acerca del estado que guarda la administraci\u00f3n p\u00fablica. El Congreso realizar\u00e1 el an\u00e1lisis del informe, y citar\u00e1 a los secretarios del despacho o equivalente, quienes comparecer\u00e1n y rendir\u00e1n informes bajo protesta de decir verdad (&#8230;)\u201d<\/p>\n\n\n\n<p>\u00a1Est\u00e1 claro! En ning\u00fan lado de la Constituci\u00f3n marca que cada vez que se le antoje lo har\u00e1\u2026<\/p>\n\n\n\n<p>Ahora, si somos m\u00e1s exigentes, el pasado mayo del 2019, el mismo Cuitl\u00e1huac Garc\u00eda mandaba al Congreso su iniciativa convertida en Ley el mismo mes, sobre Comunicaci\u00f3n Social para el Estado de Veracruz, donde destaca un art\u00edculo:<\/p>\n\n\n\n<p>\u201cArt\u00edculo 14. El informe anual de labores o gesti\u00f3n de los servidores p\u00fablicos, as\u00ed como los mensajes que para darlos a conocer se difundan en canales de televisi\u00f3n y estaciones de radio, no ser\u00e1n considerados como comunicaci\u00f3n social, siempre que la difusi\u00f3n se limite a una vez al a\u00f1o con cobertura geogr\u00e1fica regional correspondiente al \u00e1mbito de responsabilidad del servidor p\u00fablico y no exceda de los siete d\u00edas anteriores y cinco posteriores a la fecha en que se rinda el informe\u201d.<\/p>\n\n\n\n<p>\u00a1Vamos! De golpe y porrazo, aplica la de \u201c\u00a1Al Diablo las instituciones (y las Constituciones) y las leyes que \u00e9l promovi\u00f3!<\/p>\n\n\n\n<p>Por si fuera poco, observemos la Ley General de Instituciones y Procedimientos Electorales (Legipe), en el apartado de Campa\u00f1as Electorales, Art\u00edculo 242, en el punto n\u00famero 5: \u201cPara los efectos de lo dispuesto por el p\u00e1rrafo Octavo del art\u00edculo 134 de la Constituci\u00f3n, el informe anual de labores o gesti\u00f3n de los servidores p\u00fablicos, as\u00ed como los mensajes que para darlos a conocer se difundan en los medios de comunicaci\u00f3n social, no ser\u00e1n considerados como propaganda, siempre que la difusi\u00f3n se limite a una vez al a\u00f1o en estaciones y canales con cobertura regional correspondiente al \u00e1mbito geogr\u00e1fico de responsabilidad del servidor p\u00fablico y no exceda de los siete d\u00edas anteriores y cinco posteriores a la fecha en que se rinda el informe (&#8230;)<\/p>\n\n\n\n<p>Es decir, de tres disposiciones legales que hay entorno a dar un Informe de resultados, de labores, de gobierno, por parte de Cuitl\u00e1huac, podemos decir que m\u00e1s que \u201cInforme\u201d hay una clara violaci\u00f3n a las Leyes\u2026 siempre y cuando un jurista me diga lo contrario.<\/p>\n\n\n\n<p>Ahora que si en un momento dado un Jurista me la gana, entonces habr\u00eda que preguntarse s\u00f3lo una cosa antes de haber hecho este dichoso \u201cInforme\u201d: \u00bfQu\u00e9 no hay otras cosas m\u00e1s importantes en Veracruz que atender, como es la pandemia y la inseguridad, que hacerse un chocholeo pol\u00edtico\u2026?&nbsp;&nbsp;<\/p>\n\n\n\n<p>\u00a1Es cuanto!<br><\/p>\n\n\n\n<p><a href=\"mailto:smcainito@gmail.com\" target=\"_blank\" rel=\"noreferrer noopener\">smcainito@gmail.com<\/a><\/p>\n","protected":false},"excerpt":{"rendered":"<p>Los Pol\u00edticos\u00a0 Salvador Mu\u00f1oz \u00bfHubo Informe? \u00a1S\u00ed s\u00e9 pero no s\u00e9! La verdad, toda la ma\u00f1ana, consternados, sac\u00e1bamos el coraje la Mujer y yo por el asesinato (otro pinche asesinato) de Reyna, una ni\u00f1a de doce a\u00f1os que vend\u00eda pan all\u00e1 en Naolinco. \u00bfDe qu\u00e9 era el informe? Eduardo Venegas, amigo y compa\u00f1ero, igual me [&hellip;]<\/p>\n","protected":false},"author":1,"featured_media":387,"comment_status":"open","ping_status":"open","sticky":false,"template":"","format":"standard","meta":{"_jetpack_memberships_contains_paid_content":false,"footnotes":""},"categories":[11],"tags":[],"class_list":["post-3916","post","type-post","status-publish","format-standard","has-post-thumbnail","hentry","category-opinion"],"jetpack_featured_media_url":"https:\/\/encuentroinformativo.com.mx\/wp-content\/uploads\/2020\/03\/7CF8A22B-2764-47BE-8F7F-38FE9E5D6A2F.jpeg","jetpack_sharing_enabled":true,"jetpack_likes_enabled":true,"amp_enabled":true,"_links":{"self":[{"href":"https:\/\/encuentroinformativo.com.mx\/index.php?rest_route=\/wp\/v2\/posts\/3916","targetHints":{"allow":["GET"]}}],"collection":[{"href":"https:\/\/encuentroinformativo.com.mx\/index.php?rest_route=\/wp\/v2\/posts"}],"about":[{"href":"https:\/\/encuentroinformativo.com.mx\/index.php?rest_route=\/wp\/v2\/types\/post"}],"author":[{"embeddable":true,"href":"https:\/\/encuentroinformativo.com.mx\/index.php?rest_route=\/wp\/v2\/users\/1"}],"replies":[{"embeddable":true,"href":"https:\/\/encuentroinformativo.com.mx\/index.php?rest_route=%2Fwp%2Fv2%2Fcomments&post=3916"}],"version-history":[{"count":1,"href":"https:\/\/encuentroinformativo.com.mx\/index.php?rest_route=\/wp\/v2\/posts\/3916\/revisions"}],"predecessor-version":[{"id":3917,"href":"https:\/\/encuentroinformativo.com.mx\/index.php?rest_route=\/wp\/v2\/posts\/3916\/revisions\/3917"}],"wp:featuredmedia":[{"embeddable":true,"href":"https:\/\/encuentroinformativo.com.mx\/index.php?rest_route=\/wp\/v2\/media\/387"}],"wp:attachment":[{"href":"https:\/\/encuentroinformativo.com.mx\/index.php?rest_route=%2Fwp%2Fv2%2Fmedia&parent=3916"}],"wp:term":[{"taxonomy":"category","embeddable":true,"href":"https:\/\/encuentroinformativo.com.mx\/index.php?rest_route=%2Fwp%2Fv2%2Fcategories&post=3916"},{"taxonomy":"post_tag","embeddable":true,"href":"https:\/\/encuentroinformativo.com.mx\/index.php?rest_route=%2Fwp%2Fv2%2Ftags&post=3916"}],"curies":[{"name":"wp","href":"https:\/\/api.w.org\/{rel}","templated":true}]}}