{"id":39160,"date":"2023-04-13T09:34:50","date_gmt":"2023-04-13T15:34:50","guid":{"rendered":"https:\/\/encuentroinformativo.com.mx\/?p=39160"},"modified":"2023-04-13T10:30:29","modified_gmt":"2023-04-13T16:30:29","slug":"dipuchavos","status":"publish","type":"post","link":"https:\/\/encuentroinformativo.com.mx\/?p=39160","title":{"rendered":"DIPUCHAVOS"},"content":{"rendered":"\n<p><strong>&nbsp;Los Pol\u00edticos<\/strong><\/p>\n\n\n\n<p><strong>Salvador Mu\u00f1oz<\/strong><\/p>\n\n\n\n<p>La justificaci\u00f3n inmediata que me salta para bajar el requisito de edad para ser diputado, es darle voz a un sector mayoritario de nuestra sociedad.<\/p>\n\n\n\n<p>Otro caso es que siendo los 18 a\u00f1os los considerados \u201cmayor\u00eda de edad\u201d no se reflejara en el quehacer pol\u00edtico (m\u00e1s que en el derecho de votar) lo que biol\u00f3gicamente se reconoce en lo jur\u00eddico como \u201cedad adulta\u201d.<\/p>\n\n\n\n<p>En algunos equipos profesionales de f\u00fatbol donde j\u00f3venes menores de edad destacan, uno de los requisitos que se tienen para poder jugar en las grandes ligas, es continuar estudiando y culminar una carrera\u2026 el dato viene a cuento porque se supone que ahora, con la reforma que se aprob\u00f3 en nuestra C\u00e1mara de Diputados, habr\u00e1 j\u00f3venes que ara\u00f1en los primeros semestres de una carrera y que de acaso ganar una curul, \u201clas m\u00faltiples actividades\u201d en que se ven envueltos nuestros representantes populares, podr\u00eda llevar a truncar sus estudios. Pecata Minuta! Nom\u00e1s las ganas de chingar! Ya que a nuestra Constituci\u00f3n solo le interesa que estos personajes, nuestros representantes populares, sepan leer y escribir, mientras que a los partidos nom\u00e1s que sepan levantar la mano cuando as\u00ed se les dicte.<\/p>\n\n\n\n<p>Una cosa que preocupa a los ciudadanos que atendieron esta reforma, es la responsabilidad que conlleva ser diputado a los 18 a\u00f1os\u2026<\/p>\n\n\n\n<p>Lleva un poco al melodrama esta posici\u00f3n porque baste observar qu\u00e9 diputados tenemos y hemos tenido, mayores a los 21 a\u00f1os, que est\u00e1n muy lejos de sostener la tesis de que \u201centre m\u00e1s adulto, m\u00e1s experiencia\u201d pero que se acerca m\u00e1s a la de \u201centre m\u00e1s viejos, m\u00e1s pendejos\u201d.<\/p>\n\n\n\n<p>Pero atendiendo que los j\u00f3venes son un sector mayoritario en nuestro entorno social y que por lo mismo deber\u00edan de tener una voz que los represente en la tribuna m\u00e1s importante de nuestro pa\u00eds, creo que antes de pensar en darles la oportunidad de ser diputados desde los 18 a\u00f1os, nuestros legisladores deber\u00edan haber definido qu\u00e9 es la \u201cMayor\u00eda de Edad\u201d pero en t\u00e9rminos de responsabilidad. A los 18 a\u00f1os, muchos \u201cmayores de edad\u201d est\u00e1n bajo la tutela de sus padres, viven bajo su techo, se alimentan de lo que les proveen, se visten con lo que les suministran y estudian si bien les va, con el apoyo de sus tutores\u2026 y hablamos en positivo, de aqu\u00e9llos que tienen la oportunidad de aspirar a estudios\u2026<\/p>\n\n\n\n<p>&nbsp;S\u00ed, me pueden decir de qu\u00e9 me espanto si hay gobernadores que llegaron al poder viviendo en casa de sus papis\u2026<\/p>\n\n\n\n<p>El asunto es si con estos m\u00ednimos detalles que aqu\u00ed nos encontramos, es evidente que para nuestros legisladores es m\u00e1s importante que nuestros j\u00f3venes arriben al poder antes que prepararse\u2026 total, la representaci\u00f3n popular lo permite.<\/p>\n","protected":false},"excerpt":{"rendered":"<p>&nbsp;Los Pol\u00edticos Salvador Mu\u00f1oz La justificaci\u00f3n inmediata que me salta para bajar el requisito de edad para ser diputado, es darle voz a un sector mayoritario de nuestra sociedad. Otro caso es que siendo los 18 a\u00f1os los considerados \u201cmayor\u00eda de edad\u201d no se reflejara en el quehacer pol\u00edtico (m\u00e1s que en el derecho de [&hellip;]<\/p>\n","protected":false},"author":2476,"featured_media":387,"comment_status":"open","ping_status":"open","sticky":false,"template":"","format":"standard","meta":{"_jetpack_memberships_contains_paid_content":false,"footnotes":""},"categories":[11],"tags":[],"class_list":["post-39160","post","type-post","status-publish","format-standard","has-post-thumbnail","hentry","category-opinion"],"jetpack_featured_media_url":"https:\/\/encuentroinformativo.com.mx\/wp-content\/uploads\/2020\/03\/7CF8A22B-2764-47BE-8F7F-38FE9E5D6A2F.jpeg","jetpack_sharing_enabled":true,"jetpack_likes_enabled":true,"amp_enabled":true,"_links":{"self":[{"href":"https:\/\/encuentroinformativo.com.mx\/index.php?rest_route=\/wp\/v2\/posts\/39160","targetHints":{"allow":["GET"]}}],"collection":[{"href":"https:\/\/encuentroinformativo.com.mx\/index.php?rest_route=\/wp\/v2\/posts"}],"about":[{"href":"https:\/\/encuentroinformativo.com.mx\/index.php?rest_route=\/wp\/v2\/types\/post"}],"author":[{"embeddable":true,"href":"https:\/\/encuentroinformativo.com.mx\/index.php?rest_route=\/wp\/v2\/users\/2476"}],"replies":[{"embeddable":true,"href":"https:\/\/encuentroinformativo.com.mx\/index.php?rest_route=%2Fwp%2Fv2%2Fcomments&post=39160"}],"version-history":[{"count":2,"href":"https:\/\/encuentroinformativo.com.mx\/index.php?rest_route=\/wp\/v2\/posts\/39160\/revisions"}],"predecessor-version":[{"id":39164,"href":"https:\/\/encuentroinformativo.com.mx\/index.php?rest_route=\/wp\/v2\/posts\/39160\/revisions\/39164"}],"wp:featuredmedia":[{"embeddable":true,"href":"https:\/\/encuentroinformativo.com.mx\/index.php?rest_route=\/wp\/v2\/media\/387"}],"wp:attachment":[{"href":"https:\/\/encuentroinformativo.com.mx\/index.php?rest_route=%2Fwp%2Fv2%2Fmedia&parent=39160"}],"wp:term":[{"taxonomy":"category","embeddable":true,"href":"https:\/\/encuentroinformativo.com.mx\/index.php?rest_route=%2Fwp%2Fv2%2Fcategories&post=39160"},{"taxonomy":"post_tag","embeddable":true,"href":"https:\/\/encuentroinformativo.com.mx\/index.php?rest_route=%2Fwp%2Fv2%2Ftags&post=39160"}],"curies":[{"name":"wp","href":"https:\/\/api.w.org\/{rel}","templated":true}]}}