{"id":39166,"date":"2023-04-13T11:47:00","date_gmt":"2023-04-13T17:47:00","guid":{"rendered":"https:\/\/encuentroinformativo.com.mx\/?p=39166"},"modified":"2023-04-13T11:47:04","modified_gmt":"2023-04-13T17:47:04","slug":"acusan-que-apagones-de-cfe-afectan-a-municipios-de-la-costa","status":"publish","type":"post","link":"https:\/\/encuentroinformativo.com.mx\/?p=39166","title":{"rendered":"Acusan que apagones de CFE afectan a municipios de la costa"},"content":{"rendered":"\n<p><strong>Dar\u00edo Pale <\/strong><\/p>\n\n\n\n<p>Xalapa, Ver.- Debido a los apagones que se est\u00e1n presentando en la zona de la Costa afectando a varias comunidades y da\u00f1ado los electrodom\u00e9sticos estos podr\u00edan manifestarse tomando carreteras y las oficinas de la CFE, as\u00ed lo dio a conocer Jorge Morales Barradas secretario general de la asociaci\u00f3n civil la leyenda de Chucho el Roto, y Vocero del Movimiento de Resistencia Civil en favor de la reclasificaci\u00f3n de las tarifas el\u00e9ctricas.<\/p>\n\n\n\n<p>En conferencia de prensa se\u00f1al\u00f3 que, actualmente est\u00e1n viviendo en la zona de Actopan, Ursulo Galvan, parte de Alto Lucero en la Zona de Mozomboa, Santa Rosa, entre otras comunicadas es donde se han registrado apagones de la energ\u00eda el\u00e9ctrica por lo que la ciudadan\u00eda el d\u00eda de hoy est\u00e1 con la incertidumbre de que es lo que sucede.<\/p>\n\n\n\n<p>Coment\u00f3 que estos apagones lo que han ocasionado en toda esa zona es un da\u00f1o a los aparatos electrodom\u00e9sticos de las diferentes familias, pero hasta el momento la CFE no est\u00e1 haciendo nada para solucionar este problema ya que se siguen presentando los apagones.<\/p>\n\n\n\n<p>&#8220;La ciudadan\u00eda la verdad es que ya est\u00e1 cansada, chocado de este mal servicio y el d\u00eda de ayer estuve reunido con representantes de toda aquella zona de Ursulo Galvan, de La Antigua, Puente Nacional y Actopan, y la verdad me manifestaron que ya est\u00e1n cansados de esta situaci\u00f3n&#8221;, coment\u00f3.<\/p>\n\n\n\n<p>&#8220;Aparte est\u00e1n molestos por lo que se est\u00e1n organizando ya, quieren ya manifestar este tema por otras v\u00edas, otras v\u00edas son una manifestaci\u00f3n o hacerle llegar esta sit\u00faa al gerente general de la divisi\u00f3n Oriente de la CFE Ferm\u00edn Perez Vargas&#8221;, agreg\u00f3.<\/p>\n\n\n\n<p>Coment\u00f3 que posiblemente en estos d\u00edas tengan la presencia no s\u00f3lo del movimiento de Chucho el Roto si no de la ciudadan\u00eda en general ya que los apagones afectan a todos, ya que tienen m\u00e1s de 10 d\u00edas sufri\u00e9ndolos del diario.<\/p>\n\n\n\n<p>Coment\u00f3 que tan solo el d\u00eda lunes desde la 7 de la ma\u00f1ana se registraron estos apagones, y no hay quien responda por los da\u00f1os a los electrodom\u00e9sticos y afecta la econom\u00eda familiar la cual de por s\u00ed ya est\u00e1 muy mermada.<\/p>\n\n\n\n<p>Acus\u00f3 que la CFE no responde por los da\u00f1os que est\u00e1n ocasionando, el argumento que les se\u00f1alan es que no les dan mantenimiento a las l\u00edneas por alguna situaci\u00f3n del movimiento de la lucha pero eso no es cierto.<\/p>\n\n\n\n<p>Finalmente se\u00f1al\u00f3 que algunos funcionarios y alcaldes est\u00e1n queriendo convencer a las personas para que no hagan alguna manifestaci\u00f3n ya que est\u00e1n planeando tomar algunas carreteras y oficinas de la CFE para que respondan por los da\u00f1os ocasionados.<\/p>\n","protected":false},"excerpt":{"rendered":"<p>Dar\u00edo Pale Xalapa, Ver.- Debido a los apagones que se est\u00e1n presentando en la zona de la Costa afectando a varias comunidades y da\u00f1ado los electrodom\u00e9sticos estos podr\u00edan manifestarse tomando carreteras y las oficinas de la CFE, as\u00ed lo dio a conocer Jorge Morales Barradas secretario general de la asociaci\u00f3n civil la leyenda de Chucho [&hellip;]<\/p>\n","protected":false},"author":2476,"featured_media":39167,"comment_status":"open","ping_status":"open","sticky":false,"template":"","format":"standard","meta":{"_jetpack_memberships_contains_paid_content":false,"footnotes":""},"categories":[8],"tags":[],"class_list":["post-39166","post","type-post","status-publish","format-standard","has-post-thumbnail","hentry","category-region"],"jetpack_featured_media_url":"https:\/\/encuentroinformativo.com.mx\/wp-content\/uploads\/2023\/04\/IMG-20230413-WA0011.jpg","jetpack_sharing_enabled":true,"jetpack_likes_enabled":true,"amp_enabled":true,"_links":{"self":[{"href":"https:\/\/encuentroinformativo.com.mx\/index.php?rest_route=\/wp\/v2\/posts\/39166","targetHints":{"allow":["GET"]}}],"collection":[{"href":"https:\/\/encuentroinformativo.com.mx\/index.php?rest_route=\/wp\/v2\/posts"}],"about":[{"href":"https:\/\/encuentroinformativo.com.mx\/index.php?rest_route=\/wp\/v2\/types\/post"}],"author":[{"embeddable":true,"href":"https:\/\/encuentroinformativo.com.mx\/index.php?rest_route=\/wp\/v2\/users\/2476"}],"replies":[{"embeddable":true,"href":"https:\/\/encuentroinformativo.com.mx\/index.php?rest_route=%2Fwp%2Fv2%2Fcomments&post=39166"}],"version-history":[{"count":1,"href":"https:\/\/encuentroinformativo.com.mx\/index.php?rest_route=\/wp\/v2\/posts\/39166\/revisions"}],"predecessor-version":[{"id":39168,"href":"https:\/\/encuentroinformativo.com.mx\/index.php?rest_route=\/wp\/v2\/posts\/39166\/revisions\/39168"}],"wp:featuredmedia":[{"embeddable":true,"href":"https:\/\/encuentroinformativo.com.mx\/index.php?rest_route=\/wp\/v2\/media\/39167"}],"wp:attachment":[{"href":"https:\/\/encuentroinformativo.com.mx\/index.php?rest_route=%2Fwp%2Fv2%2Fmedia&parent=39166"}],"wp:term":[{"taxonomy":"category","embeddable":true,"href":"https:\/\/encuentroinformativo.com.mx\/index.php?rest_route=%2Fwp%2Fv2%2Fcategories&post=39166"},{"taxonomy":"post_tag","embeddable":true,"href":"https:\/\/encuentroinformativo.com.mx\/index.php?rest_route=%2Fwp%2Fv2%2Ftags&post=39166"}],"curies":[{"name":"wp","href":"https:\/\/api.w.org\/{rel}","templated":true}]}}