{"id":39169,"date":"2023-04-13T11:52:57","date_gmt":"2023-04-13T17:52:57","guid":{"rendered":"https:\/\/encuentroinformativo.com.mx\/?p=39169"},"modified":"2023-04-13T11:53:01","modified_gmt":"2023-04-13T17:53:01","slug":"reclaman-regreso-de-profeco-a-xalapa","status":"publish","type":"post","link":"https:\/\/encuentroinformativo.com.mx\/?p=39169","title":{"rendered":"Reclaman regreso de PROFECO a Xalapa"},"content":{"rendered":"\n<p><strong>Juan Arcos <\/strong><\/p>\n\n\n\n<p>Xalapa, Ver.- Ciudadanas y ciudadanos exigieron a la Procuradur\u00eda Federal del Consumidor (Profeco) que regrese la subdelegaci\u00f3n de esta dependencia a la ciudad de Xalapa.<\/p>\n\n\n\n<p>La gente consider\u00f3 que han incrementado las quejas contra establecimientos que cometen abusos y es complicado trasladarse hasta el puerto de Veracruz para presentar las quejas correspondientes, pues v\u00eda telef\u00f3nica no se atienden debidamente los casos.<\/p>\n\n\n\n<p>La se\u00f1ora M\u00f3nica Gonz\u00e1lez Hern\u00e1ndez denunci\u00f3 que reci\u00e9n compr\u00f3 una memoria USB con capacidad de 128 gigabytes en una tienda del centro de Xalapa, que le cost\u00f3 374 pesos, precio que consider\u00f3 excesivo.<\/p>\n\n\n\n<p>Sin embargo, la pieza no funcion\u00f3 y regres\u00f3 al negocio para pedir que le dieran otra o que le regresaran su dinero.<\/p>\n\n\n\n<p>La tienda se llama ACCS STORE y se encuentra sobre la calle Manlio Fabio Altamirano n\u00famero 9, en la zona centro de Xalapa.<\/p>\n\n\n\n<p>\u201cMe dijeron que no me pod\u00edan cambiar la memoria, que ten\u00eda que dejarla para que la reparara un t\u00e9cnico, pero la memoria se supone que era nueva y adem\u00e1s me cost\u00f3 muy cara porque chequ\u00e9 en internet y no cuesta m\u00e1s de 200 pesos\u201d, expres\u00f3.<\/p>\n\n\n\n<p>La afectada indic\u00f3 que deber\u00eda intervenir tambi\u00e9n el ayuntamiento de Xalapa, a trav\u00e9s de la Subdirecci\u00f3n de Comercio, para regular la operaci\u00f3n de dicha tienda, pues vende artefactos inservibles a costos elevados.<\/p>\n\n\n\n<p>Tambi\u00e9n mencion\u00f3 que las personas evitan poner quejas ante Profeco porque ya no hay oficina de esta dependencia en la ciudad de Xalapa desde hace varios a\u00f1os.<\/p>\n","protected":false},"excerpt":{"rendered":"<p>Juan Arcos Xalapa, Ver.- Ciudadanas y ciudadanos exigieron a la Procuradur\u00eda Federal del Consumidor (Profeco) que regrese la subdelegaci\u00f3n de esta dependencia a la ciudad de Xalapa. La gente consider\u00f3 que han incrementado las quejas contra establecimientos que cometen abusos y es complicado trasladarse hasta el puerto de Veracruz para presentar las quejas correspondientes, pues [&hellip;]<\/p>\n","protected":false},"author":2476,"featured_media":39170,"comment_status":"open","ping_status":"open","sticky":false,"template":"","format":"standard","meta":{"_jetpack_memberships_contains_paid_content":false,"footnotes":""},"categories":[3],"tags":[],"class_list":["post-39169","post","type-post","status-publish","format-standard","has-post-thumbnail","hentry","category-xalapa"],"jetpack_featured_media_url":"https:\/\/encuentroinformativo.com.mx\/wp-content\/uploads\/2023\/04\/IMG_9929.jpg","jetpack_sharing_enabled":true,"jetpack_likes_enabled":true,"amp_enabled":true,"_links":{"self":[{"href":"https:\/\/encuentroinformativo.com.mx\/index.php?rest_route=\/wp\/v2\/posts\/39169","targetHints":{"allow":["GET"]}}],"collection":[{"href":"https:\/\/encuentroinformativo.com.mx\/index.php?rest_route=\/wp\/v2\/posts"}],"about":[{"href":"https:\/\/encuentroinformativo.com.mx\/index.php?rest_route=\/wp\/v2\/types\/post"}],"author":[{"embeddable":true,"href":"https:\/\/encuentroinformativo.com.mx\/index.php?rest_route=\/wp\/v2\/users\/2476"}],"replies":[{"embeddable":true,"href":"https:\/\/encuentroinformativo.com.mx\/index.php?rest_route=%2Fwp%2Fv2%2Fcomments&post=39169"}],"version-history":[{"count":1,"href":"https:\/\/encuentroinformativo.com.mx\/index.php?rest_route=\/wp\/v2\/posts\/39169\/revisions"}],"predecessor-version":[{"id":39171,"href":"https:\/\/encuentroinformativo.com.mx\/index.php?rest_route=\/wp\/v2\/posts\/39169\/revisions\/39171"}],"wp:featuredmedia":[{"embeddable":true,"href":"https:\/\/encuentroinformativo.com.mx\/index.php?rest_route=\/wp\/v2\/media\/39170"}],"wp:attachment":[{"href":"https:\/\/encuentroinformativo.com.mx\/index.php?rest_route=%2Fwp%2Fv2%2Fmedia&parent=39169"}],"wp:term":[{"taxonomy":"category","embeddable":true,"href":"https:\/\/encuentroinformativo.com.mx\/index.php?rest_route=%2Fwp%2Fv2%2Fcategories&post=39169"},{"taxonomy":"post_tag","embeddable":true,"href":"https:\/\/encuentroinformativo.com.mx\/index.php?rest_route=%2Fwp%2Fv2%2Ftags&post=39169"}],"curies":[{"name":"wp","href":"https:\/\/api.w.org\/{rel}","templated":true}]}}