{"id":39174,"date":"2023-04-13T13:10:53","date_gmt":"2023-04-13T19:10:53","guid":{"rendered":"https:\/\/encuentroinformativo.com.mx\/?p=39174"},"modified":"2023-04-13T13:10:57","modified_gmt":"2023-04-13T19:10:57","slug":"prevalece-robo-a-transeuntes-en-veracruz","status":"publish","type":"post","link":"https:\/\/encuentroinformativo.com.mx\/?p=39174","title":{"rendered":"Prevalece robo a transe\u00fantes en Veracruz"},"content":{"rendered":"\n<p><strong>Juan Arcos <\/strong><\/p>\n\n\n\n<p>Xalapa, Ver.- Solo durante enero y febrero de este a\u00f1o se contabilizaron 339 robos a transe\u00fantes en la v\u00eda p\u00fablica, en el estado de Veracruz, seg\u00fan cifras oficiales.<\/p>\n\n\n\n<p>El Secretariado Ejecutivo del Sistema Nacional de Seguridad P\u00fablica (SESNSP) revel\u00f3 que 234 casos ocurrieron con violencia y 105 sin violencia.<\/p>\n\n\n\n<p>El Informe de Incidencia Delictiva del Fuero Com\u00fan 2023 muestra que tambi\u00e9n hubo 29 robos a transe\u00fante en espacio abierto al p\u00fablico.<\/p>\n\n\n\n<p>Estos casos se han registrado asaltos en la zona centro de la capital veracruzana, siendo constantes las quejas ciudadanas por este motivo.<\/p>\n\n\n\n<p>Algunas mujeres indicaron que salen a las calle con miedo, debido a la elevada incidencia delictiva registrada en la ciudad de Xalapa, durante los \u00faltimos d\u00edas.<\/p>\n\n\n\n<p>De acuerdo con Claudia Hern\u00e1ndez S\u00e1nchez, vecina de la zona centro, ha escuchado varios casos de viviendas saqueadas y asaltos a mano armada cerca del Palacio Municipal.<\/p>\n\n\n\n<p>Sobre la calle \u00darsulo Galv\u00e1n han ocurrido estos hechos de manera constante, a pesar de que la zona se encuentra muy cerca de oficinas gubernamentales y de la torre de la Secretar\u00eda de Seguridad P\u00fablica (SSP).<\/p>\n\n\n\n<p>La gente ha solicitado a las autoridades municipales que incrementen los operativos de vigilancia para garantizar la seguridad, pero hasta el momento no ha recibido una respuesta favorable.<\/p>\n\n\n\n<p>Mencionan que tambi\u00e9n han ocurrido robos con violencia en tiendas de abarrotes y de autoservicio. Muchas veces evitan denunciar por desconfianza en las instituciones.<\/p>\n","protected":false},"excerpt":{"rendered":"<p>Juan Arcos Xalapa, Ver.- Solo durante enero y febrero de este a\u00f1o se contabilizaron 339 robos a transe\u00fantes en la v\u00eda p\u00fablica, en el estado de Veracruz, seg\u00fan cifras oficiales. El Secretariado Ejecutivo del Sistema Nacional de Seguridad P\u00fablica (SESNSP) revel\u00f3 que 234 casos ocurrieron con violencia y 105 sin violencia. El Informe de Incidencia [&hellip;]<\/p>\n","protected":false},"author":2476,"featured_media":39173,"comment_status":"open","ping_status":"open","sticky":false,"template":"","format":"standard","meta":{"_jetpack_memberships_contains_paid_content":false,"footnotes":""},"categories":[2],"tags":[],"class_list":["post-39174","post","type-post","status-publish","format-standard","has-post-thumbnail","hentry","category-estado"],"jetpack_featured_media_url":"https:\/\/encuentroinformativo.com.mx\/wp-content\/uploads\/2023\/04\/IMG_3699.jpg","jetpack_sharing_enabled":true,"jetpack_likes_enabled":true,"amp_enabled":true,"_links":{"self":[{"href":"https:\/\/encuentroinformativo.com.mx\/index.php?rest_route=\/wp\/v2\/posts\/39174","targetHints":{"allow":["GET"]}}],"collection":[{"href":"https:\/\/encuentroinformativo.com.mx\/index.php?rest_route=\/wp\/v2\/posts"}],"about":[{"href":"https:\/\/encuentroinformativo.com.mx\/index.php?rest_route=\/wp\/v2\/types\/post"}],"author":[{"embeddable":true,"href":"https:\/\/encuentroinformativo.com.mx\/index.php?rest_route=\/wp\/v2\/users\/2476"}],"replies":[{"embeddable":true,"href":"https:\/\/encuentroinformativo.com.mx\/index.php?rest_route=%2Fwp%2Fv2%2Fcomments&post=39174"}],"version-history":[{"count":1,"href":"https:\/\/encuentroinformativo.com.mx\/index.php?rest_route=\/wp\/v2\/posts\/39174\/revisions"}],"predecessor-version":[{"id":39175,"href":"https:\/\/encuentroinformativo.com.mx\/index.php?rest_route=\/wp\/v2\/posts\/39174\/revisions\/39175"}],"wp:featuredmedia":[{"embeddable":true,"href":"https:\/\/encuentroinformativo.com.mx\/index.php?rest_route=\/wp\/v2\/media\/39173"}],"wp:attachment":[{"href":"https:\/\/encuentroinformativo.com.mx\/index.php?rest_route=%2Fwp%2Fv2%2Fmedia&parent=39174"}],"wp:term":[{"taxonomy":"category","embeddable":true,"href":"https:\/\/encuentroinformativo.com.mx\/index.php?rest_route=%2Fwp%2Fv2%2Fcategories&post=39174"},{"taxonomy":"post_tag","embeddable":true,"href":"https:\/\/encuentroinformativo.com.mx\/index.php?rest_route=%2Fwp%2Fv2%2Ftags&post=39174"}],"curies":[{"name":"wp","href":"https:\/\/api.w.org\/{rel}","templated":true}]}}