{"id":39176,"date":"2023-04-13T13:19:39","date_gmt":"2023-04-13T19:19:39","guid":{"rendered":"https:\/\/encuentroinformativo.com.mx\/?p=39176"},"modified":"2023-04-13T13:19:43","modified_gmt":"2023-04-13T19:19:43","slug":"veracruz-quinta-economia-a-nivel-nacional-enrique-nachon","status":"publish","type":"post","link":"https:\/\/encuentroinformativo.com.mx\/?p=39176","title":{"rendered":"Veracruz, quinta econom\u00eda a nivel nacional: Enrique Nach\u00f3n"},"content":{"rendered":"\n<p><strong>Israel Garc\u00eda <\/strong><\/p>\n\n\n\n<p>Xalapa, Ver.- Enrique de Jes\u00fas\u00a0 Nach\u00f3n Garc\u00eda<br>Secretario de Desarrollo Econ\u00f3mico y Portuario del Estado de Veracruz, sostuvo una reuni\u00f3n con el Presidente Municipal de Xalapa Ricardo Ahued Bardahuil.<\/p>\n\n\n\n<p>En entrevista el titular de la SEDECOP destac\u00f3 que la  econom\u00eda en el estado se mantiene en el mismo margen del 4.5% del Producto Interno Bruto del pa\u00eds; es la quinta\u00a0 econom\u00eda a nivel nacional, se debe de seguir creciendo pero deben de cambiar la estructura de nuestra econom\u00eda el 6% es el sector primario, el 30% el sector secundario en la econom\u00eda industrial y el 64% es el sector terciario que es comercios y servicios.<\/p>\n\n\n\n<p>Dijo que lamentablemente muchos de los servicios no generan empleos formales establecidos igual que el comercio, por lo que ah\u00ed se necesita fortalecer el comercio de la econom\u00eda, as\u00ed mismo deben conectar en cadenas de valor y productoras de las grandes empresas que estan trayendo en Veracruz son 18 empresas del capital privado.<\/p>\n\n\n\n<p>En la capital del estado y en otras entidades de Veracruz, los empresarios y micros empresarios algunos han tenido que cerrar sus negocios, por esta crisis que estamos viviendo a nivel mundial,<br>&#8220;Ya no les da para pagar a los empleados, no pueden cubrir los gastos de los servicios, renta, luz, agua, entre otros&#8221;.<\/p>\n\n\n\n<p>Hay un fen\u00f3meno es la informalidad, que les pega a los comercios b\u00e1sicos, puso de ejemplo una taquer\u00eda, si fuera formal tuviera acceso a cr\u00e9ditos, a franquiciar, tuviera una estructura formal para que las taquer\u00edas crezcan, pero no tienen financiamientos.<\/p>\n\n\n\n<p>Por lo que el funcionario estatal precis\u00f3 que lo que se necesita es formalidad en los negocios, que tengan acceso a capacitaciones, a franquiciar, financiamiento\u00a0y poner sucursales y con eso se fortalece la econom\u00eda.<\/p>\n","protected":false},"excerpt":{"rendered":"<p>Israel Garc\u00eda Xalapa, Ver.- Enrique de Jes\u00fas\u00a0 Nach\u00f3n Garc\u00edaSecretario de Desarrollo Econ\u00f3mico y Portuario del Estado de Veracruz, sostuvo una reuni\u00f3n con el Presidente Municipal de Xalapa Ricardo Ahued Bardahuil. En entrevista el titular de la SEDECOP destac\u00f3 que la econom\u00eda en el estado se mantiene en el mismo margen del 4.5% del Producto Interno [&hellip;]<\/p>\n","protected":false},"author":2476,"featured_media":39177,"comment_status":"open","ping_status":"open","sticky":false,"template":"","format":"standard","meta":{"_jetpack_memberships_contains_paid_content":false,"footnotes":""},"categories":[2],"tags":[],"class_list":["post-39176","post","type-post","status-publish","format-standard","has-post-thumbnail","hentry","category-estado"],"jetpack_featured_media_url":"https:\/\/encuentroinformativo.com.mx\/wp-content\/uploads\/2023\/04\/Screenshot_20230413-1306262.png","jetpack_sharing_enabled":true,"jetpack_likes_enabled":true,"amp_enabled":true,"_links":{"self":[{"href":"https:\/\/encuentroinformativo.com.mx\/index.php?rest_route=\/wp\/v2\/posts\/39176","targetHints":{"allow":["GET"]}}],"collection":[{"href":"https:\/\/encuentroinformativo.com.mx\/index.php?rest_route=\/wp\/v2\/posts"}],"about":[{"href":"https:\/\/encuentroinformativo.com.mx\/index.php?rest_route=\/wp\/v2\/types\/post"}],"author":[{"embeddable":true,"href":"https:\/\/encuentroinformativo.com.mx\/index.php?rest_route=\/wp\/v2\/users\/2476"}],"replies":[{"embeddable":true,"href":"https:\/\/encuentroinformativo.com.mx\/index.php?rest_route=%2Fwp%2Fv2%2Fcomments&post=39176"}],"version-history":[{"count":1,"href":"https:\/\/encuentroinformativo.com.mx\/index.php?rest_route=\/wp\/v2\/posts\/39176\/revisions"}],"predecessor-version":[{"id":39178,"href":"https:\/\/encuentroinformativo.com.mx\/index.php?rest_route=\/wp\/v2\/posts\/39176\/revisions\/39178"}],"wp:featuredmedia":[{"embeddable":true,"href":"https:\/\/encuentroinformativo.com.mx\/index.php?rest_route=\/wp\/v2\/media\/39177"}],"wp:attachment":[{"href":"https:\/\/encuentroinformativo.com.mx\/index.php?rest_route=%2Fwp%2Fv2%2Fmedia&parent=39176"}],"wp:term":[{"taxonomy":"category","embeddable":true,"href":"https:\/\/encuentroinformativo.com.mx\/index.php?rest_route=%2Fwp%2Fv2%2Fcategories&post=39176"},{"taxonomy":"post_tag","embeddable":true,"href":"https:\/\/encuentroinformativo.com.mx\/index.php?rest_route=%2Fwp%2Fv2%2Ftags&post=39176"}],"curies":[{"name":"wp","href":"https:\/\/api.w.org\/{rel}","templated":true}]}}