{"id":39180,"date":"2023-04-13T14:20:33","date_gmt":"2023-04-13T20:20:33","guid":{"rendered":"https:\/\/encuentroinformativo.com.mx\/?p=39180"},"modified":"2023-04-13T14:20:37","modified_gmt":"2023-04-13T20:20:37","slug":"invitan-a-feria-xalapena-del-libro-2","status":"publish","type":"post","link":"https:\/\/encuentroinformativo.com.mx\/?p=39180","title":{"rendered":"Invitan a Feria Xalape\u00f1a del Libro"},"content":{"rendered":"\n<p><strong>Dar\u00edo Pale <\/strong><\/p>\n\n\n\n<p>Xalapa, Ver.- Invitan a la ciudadan\u00eda para que asista a la XVI Feria Xalape\u00f1a del Libro, el objetivo es fomentar la lectura de una amplia exposici\u00f3n y venta de textos,maderas en esta ocasi\u00f3n estar\u00e1 dedicada a J.R.R.Tolkien a 50 a\u00f1os de su muerte.<\/p>\n\n\n\n<p>En conferencia de prensa Eligio Ramirez Rios acompa\u00f1ados de los Libreros Independientes de Xalapa realizar\u00e1n la XVI Feria Xalape\u00f1a del Libro en el marco de la celebraci\u00f3n del D\u00eda Mundial del Libro y del Derecho de Autor el pr\u00f3ximo 23 de abril.\u00a0<\/p>\n\n\n\n<p>Expusieron que la Feria del Libro tiene como prop\u00f3sito principal fomentar la lectura de una amplia exposici\u00f3n y venta de libros compartiendo con la ciudadan\u00eda un variado programa de actividades culturales.\u00a0<\/p>\n\n\n\n<p>En ese sentido, explicaron que los ejes son: la promoci\u00f3n de la lectura; dar a conocer y valorar talentos literarios de esta ciudad y de la regi\u00f3n; invitar al disfrute est\u00e9tico con presentaciones musicales; proporcionar, mediante conversaciones entre conocedores y el p\u00fablico asistente momentos de comunicaci\u00f3n abierta y propositiva con temas propios del quehacer cultural.<\/p>\n\n\n\n<p>Asimismo, proponer y realizar una convivencia entre trabajadores de las diferentes librer\u00edas de Xalapa y la amplia comunidad de lectoras y lectores, quienes reconocen, en estas actividades, una labor que caracteriza a esta ciudad como difusora de cultura para todos.<\/p>\n\n\n\n<p>Tambi\u00e9n comentaron que esta edici\u00f3n es para recordar la trayectoria y la obra literaria del autor brit\u00e1nico J. R. R. Tolkien.\u00a0<\/p>\n\n\n\n<p>&#8220;Magistral creador de universos fant\u00e1sticos, donde la mitolog\u00eda y las aventuras propias de mundos imaginados, en los que se da la eterna lucha entre el bien y el mal han formado lectores de todo el mundo y han impulsado un aprecio reactualizado por las versiones cinematogr\u00e1ficas, ejemplarizadas por la saga de El Se\u00f1or de los anillos, entre otras obras cumbres de este tambi\u00e9n poeta, fil\u00f3logo y catedr\u00e1tico universitario, cuyo deceso en 1973 representa hoy su 50 aniversario luctuoso&#8221;, se\u00f1al\u00f3.<\/p>\n\n\n\n<p>El recinto ferial permanecer\u00e1 abierto, con un horario de 10:00 a 21:00 horas en el parque Benito Ju\u00e1rez de Xalapa.<\/p>\n\n\n\n<p>El programa podr\u00e1 consultarse en la p\u00e1gina Facebook Libreros Independientes de Xalapa, esta Feria es realizada por las siguientes librer\u00edas independientes, Artencuadernaci\u00f3n, Atenahiz Librer\u00eda, BariCC0, Corporaci\u00f3n Editorial &#8220;B Y E&#8221;&#8216; Representaciones Culturales Ju\u00e1rez, Docta Ignorantia&#8217; Gald\u00f3s\u00bb Gotham C\u00f3mics, Gran Libro<br>Escolar, Hyperi\u00f3n, Librer\u00eda Kaans, Librer\u00eda Kether, Librarte, Libros de Ursula, Libros y Material Did\u00e1ctico, Literosos, Los Argonautas, Luna Educaci\u00f3n, Mondo Bizarro, Mundo de Ideas, Nueva Era, Rayuela, La rueca de Gandhi, pavel Ortega comics, y material educativo Felix Garc\u00eda.<\/p>\n\n\n\n<p>Finalmente se\u00f1al\u00f3 que las siguientes instituciones se suman a este esfuerzo cultural: la Universidad Veracruzana, a trav\u00e9s de la Direcci\u00f3n General de Difusi\u00f3n Cultural; as\u00ed como el Ayuntamiento de Xalapa mediante las Direcciones de Educaci\u00f3n, Cultura y Desarrollo Econ\u00f3mico.<\/p>\n","protected":false},"excerpt":{"rendered":"<p>Dar\u00edo Pale Xalapa, Ver.- Invitan a la ciudadan\u00eda para que asista a la XVI Feria Xalape\u00f1a del Libro, el objetivo es fomentar la lectura de una amplia exposici\u00f3n y venta de textos,maderas en esta ocasi\u00f3n estar\u00e1 dedicada a J.R.R.Tolkien a 50 a\u00f1os de su muerte. En conferencia de prensa Eligio Ramirez Rios acompa\u00f1ados de los [&hellip;]<\/p>\n","protected":false},"author":2476,"featured_media":39181,"comment_status":"open","ping_status":"open","sticky":false,"template":"","format":"standard","meta":{"_jetpack_memberships_contains_paid_content":false,"footnotes":""},"categories":[3],"tags":[],"class_list":["post-39180","post","type-post","status-publish","format-standard","has-post-thumbnail","hentry","category-xalapa"],"jetpack_featured_media_url":"https:\/\/encuentroinformativo.com.mx\/wp-content\/uploads\/2023\/04\/Photo_1681417037214.jpg","jetpack_sharing_enabled":true,"jetpack_likes_enabled":true,"amp_enabled":true,"_links":{"self":[{"href":"https:\/\/encuentroinformativo.com.mx\/index.php?rest_route=\/wp\/v2\/posts\/39180","targetHints":{"allow":["GET"]}}],"collection":[{"href":"https:\/\/encuentroinformativo.com.mx\/index.php?rest_route=\/wp\/v2\/posts"}],"about":[{"href":"https:\/\/encuentroinformativo.com.mx\/index.php?rest_route=\/wp\/v2\/types\/post"}],"author":[{"embeddable":true,"href":"https:\/\/encuentroinformativo.com.mx\/index.php?rest_route=\/wp\/v2\/users\/2476"}],"replies":[{"embeddable":true,"href":"https:\/\/encuentroinformativo.com.mx\/index.php?rest_route=%2Fwp%2Fv2%2Fcomments&post=39180"}],"version-history":[{"count":1,"href":"https:\/\/encuentroinformativo.com.mx\/index.php?rest_route=\/wp\/v2\/posts\/39180\/revisions"}],"predecessor-version":[{"id":39182,"href":"https:\/\/encuentroinformativo.com.mx\/index.php?rest_route=\/wp\/v2\/posts\/39180\/revisions\/39182"}],"wp:featuredmedia":[{"embeddable":true,"href":"https:\/\/encuentroinformativo.com.mx\/index.php?rest_route=\/wp\/v2\/media\/39181"}],"wp:attachment":[{"href":"https:\/\/encuentroinformativo.com.mx\/index.php?rest_route=%2Fwp%2Fv2%2Fmedia&parent=39180"}],"wp:term":[{"taxonomy":"category","embeddable":true,"href":"https:\/\/encuentroinformativo.com.mx\/index.php?rest_route=%2Fwp%2Fv2%2Fcategories&post=39180"},{"taxonomy":"post_tag","embeddable":true,"href":"https:\/\/encuentroinformativo.com.mx\/index.php?rest_route=%2Fwp%2Fv2%2Ftags&post=39180"}],"curies":[{"name":"wp","href":"https:\/\/api.w.org\/{rel}","templated":true}]}}